{"id":13147,"date":"2015-08-01T00:00:00","date_gmt":"2015-08-01T00:00:00","guid":{"rendered":""},"modified":"2017-09-15T19:01:57","modified_gmt":"2017-09-15T19:01:57","slug":"mario-joao-e-rubem","status":"publish","type":"post","link":"http:\/\/rodolfomartino.com.br\/blog\/mario-joao-e-rubem\/","title":{"rendered":"Mario, Jo\u00e3o e Rubem"},"content":{"rendered":"<p>J\u00e1 lhes confessei aqui, em textos anteriores, que sinto uma falta danada dos velhos cronistas que ocupavam espa\u00e7os, quase que diariamente, nos principais jornais brasileiros.<\/p>\n<p>Escalo, de bate pronto, uma sele\u00e7\u00e3o deles \u2013 Rubem Braga, Fernando Sabino, Louren\u00e7o Diaf\u00e9ria, LM, Raul Drewnick, Jo\u00e3o Ant\u00f4nio, Pl\u00ednio Marcos, S\u00e9rgio Porto, Ant\u00f4nio Maria, Paulo Mendes Campos e Joel Silveira, entre outros tantos e tamanhos.<\/p>\n<p>Eram jornalistas que falavam\/escreviam a l\u00edngua do povo &#8211; uns mais, outros menos; mas, sempre e sempre, extraordinariamente sens\u00edveis \u00e0s coisas da vida. <\/p>\n<p>Seus textos nos faziam em tender melhor este Brasilz\u00e3o, de Meu Deus.<\/p>\n<p>Temos um ou outro remanescente desta \u00e9poca. J\u00e2nio de Freitas e Carlos Heitor Cony, por exemplo \u2013 mas, na verdade, hoje fazem mais colunismo pol\u00edtico do que cr\u00f4nicas do cotidiano.<\/p>\n<p>Luis Fernando Ver\u00edssimo \u00e9 um dos raros que ora me ocorre que, brilhantemente, faz jus a esta linhagem.<\/p>\n<p>A cr\u00f4nica propriamente dita assim como a grande reportagem, de cunho interpretativo e independente, s\u00e3o g\u00eaneros em extin\u00e7\u00e3o nos ve\u00edculos impressos. <\/p>\n<p>Talvez por isso os jornal\u00f5es e as revistas andam com a tiragem em queda livre.<\/p>\n<p>(Nos ve\u00edculos eletr\u00f4nicos, a bem da verdade, raramente existiram.)<\/p>\n<p>II.<\/p>\n<p>De qualquer forma, quem pensar assim como eu ou estiver interessado em saber mais do assunto, tem uma bela oportunidade de zanzar por este l\u00fadico universo com a mostra \u201cO Rio de M\u00e1rio, Jo\u00e3o e Rubem\u201d que est\u00e1 em cartaz no Arte Sesc, do Rio de Janeiro, com entrada franca.<\/p>\n<p>A iniciativa contempla a obra de dois cronistas, Rubem Braga e Jo\u00e3o Ant\u00f4nio, e do multiartista M\u00e1rio Lago. Textos, documentos, fotos, v\u00eddeos e objetos tra\u00e7am um panorama de como esses autores descreveram a Cidade Maravilhosa nos anos dourados do s\u00e9culo 20. S\u00e3o seis salas tem\u00e1ticas e a vis\u00e3o po\u00e9tica e human\u00edstica de um Brasil que, hoje a gente v\u00ea, se perdeu sabe-se l\u00e1 onde&#8230;<\/p>\n","protected":false},"excerpt":{"rendered":"<p>J\u00e1 lhes confessei aqui, em textos anteriores, que sinto uma falta danada dos velhos cronistas que ocupavam espa\u00e7os, quase que diariamente, nos principais jornais brasileiros.<\/p>\n<p>Escalo, de bate pronto,<\/p>\n","protected":false},"author":1,"featured_media":0,"comment_status":"closed","ping_status":"open","sticky":false,"template":"","format":"standard","meta":{"_exactmetrics_skip_tracking":false,"_uf_show_specific_survey":0,"_uf_disable_surveys":false,"footnotes":""},"categories":[5],"tags":[],"class_list":["post-13147","post","type-post","status-publish","format-standard","hentry","category-blog"],"_links":{"self":[{"href":"http:\/\/rodolfomartino.com.br\/blog\/wp-json\/wp\/v2\/posts\/13147","targetHints":{"allow":["GET"]}}],"collection":[{"href":"http:\/\/rodolfomartino.com.br\/blog\/wp-json\/wp\/v2\/posts"}],"about":[{"href":"http:\/\/rodolfomartino.com.br\/blog\/wp-json\/wp\/v2\/types\/post"}],"author":[{"embeddable":true,"href":"http:\/\/rodolfomartino.com.br\/blog\/wp-json\/wp\/v2\/users\/1"}],"replies":[{"embeddable":true,"href":"http:\/\/rodolfomartino.com.br\/blog\/wp-json\/wp\/v2\/comments?post=13147"}],"version-history":[{"count":1,"href":"http:\/\/rodolfomartino.com.br\/blog\/wp-json\/wp\/v2\/posts\/13147\/revisions"}],"predecessor-version":[{"id":14898,"href":"http:\/\/rodolfomartino.com.br\/blog\/wp-json\/wp\/v2\/posts\/13147\/revisions\/14898"}],"wp:attachment":[{"href":"http:\/\/rodolfomartino.com.br\/blog\/wp-json\/wp\/v2\/media?parent=13147"}],"wp:term":[{"taxonomy":"category","embeddable":true,"href":"http:\/\/rodolfomartino.com.br\/blog\/wp-json\/wp\/v2\/categories?post=13147"},{"taxonomy":"post_tag","embeddable":true,"href":"http:\/\/rodolfomartino.com.br\/blog\/wp-json\/wp\/v2\/tags?post=13147"}],"curies":[{"name":"wp","href":"https:\/\/api.w.org\/{rel}","templated":true}]}}