{"id":13150,"date":"2015-08-04T00:00:00","date_gmt":"2015-08-04T00:00:00","guid":{"rendered":""},"modified":"2017-09-15T19:01:57","modified_gmt":"2017-09-15T19:01:57","slug":"nestor-e-o-pais-do-bololo","status":"publish","type":"post","link":"http:\/\/rodolfomartino.com.br\/blog\/nestor-e-o-pais-do-bololo\/","title":{"rendered":"Nestor e o pa\u00eds do bolol\u00f4"},"content":{"rendered":"<p>O que est\u00e1 acontecendo com o nosso Brasil?<\/p>\n<p>A pergunta n\u00e3o me surpreende. O amigo Nestor demonstra o interesse e a preocupa\u00e7\u00e3o de algu\u00e9m que vive no Exterior desde meados dos anos 60, quando a fam\u00edlia precisou sair do Pa\u00eds por quest\u00f5es pol\u00edticas. Ele mora na B\u00e9lgica, mas o reencontrei em Lisboa ainda no primeiro semestre deste ano ap\u00f3s d\u00e9cadas sem not\u00edcias do amigo.. <\/p>\n<p>(Leia o post \u201cNestor e a crise na Europa\u201d, publicado em 4 de julho),<\/p>\n<p>Sinceramente, n\u00e3o sei exatamente o que lhe responder.<\/p>\n<p>Sei do amor de Nestor ao Brasil, mesmo vivendo longe h\u00e1 tantos e tantos anos. <\/p>\n<p>Ele continua um otimista quanto ao nosso futuro.<\/p>\n<p>Toda vez que, durante nosso reencontro em uma bodega \u00e0s margens do Tejo, eu lhe dizia dos nossos problemas, do retrocesso que vivemos econ\u00f4mico e social, disso, daquilo e daquel\u2019outro, o amigo fazia quest\u00e3o de mudar de assunto e lembrar pontos positivos do Pa\u00eds.<\/p>\n<p>&#8212; Me fale da Copa do Mundo. Tenho uns amigos gringos que adoraram o acolhimento que receberam. Falaram t\u00e3o bem dos brasileiros e, principalmente, das brasileiras. Falaram de nossas belezas naturais. Falaram de tanta coisa que at\u00e9 pensei em voltar.<\/p>\n<p>&#8211; Mas, o 7 a 1 contra a Alemanha foi uma trag\u00e9dia. Eles n\u00e3o disseram?<\/p>\n<p>&#8211; Isso \u00e9 futebol \u2013 me respondeu ele. &#8211; Um dia se vence, em outro se perde&#8230;<\/p>\n<p>II.<\/p>\n<p>N\u00e3o contrariei o amigo \u2013 e nem era o momento para aquilo.  Continuamos nossa conversa, repleta de nostalgia dos tempos idos e de lembran\u00e7as do Cambuci onde passamos nossa inf\u00e2ncia.<\/p>\n<p>Mas, hoje, via email, o amigo me surpreende com a pergunta em tom de desalento. Disse que andou saindo alguns artigos nos jornais europeus com informa\u00e7\u00f5es que o deixaram bastante preocupado. Da\u00ed o questionamento.<\/p>\n<p>Me encho de coragem e lhe falo da sucess\u00e3o de esc\u00e2ndalos, da falta de representatividade pol\u00edtica, do conservadorismo, do comprometimento da m\u00eddia, do recrudescimento da intoler\u00e2ncia, da falta de perspectivas, da d\u00e9b\u00e2cle da nossa Economia.<\/p>\n<p>Falam at\u00e9 em impeachment, concluo.<\/p>\n<p>\u201cO que seria p\u00e9ssimo para nossa ainda tenra democracia que se consolida. Lembra-me muito o qu\u00ea ocorreu \u00e0s v\u00e9speras de 64, quando \u00e9ramos crian\u00e7a\u201d.<\/p>\n<p>III.<\/p>\n<p>Envio o email \u2013 e, minutos depois, recebo a resposta do Nestor:<\/p>\n<p>\u201cPor falar, em 64&#8230; N\u00e3o tem dedo dos Estados Unidos nesse bolol\u00f4?\u201d<\/p>\n<p>O Nestor continua o mesmo \u2013 e o Brasil, tamb\u00e9m.<\/p>\n","protected":false},"excerpt":{"rendered":"<p>O que est\u00e1 acontecendo com o nosso Brasil?<\/p>\n<p>A pergunta n\u00e3o me surpreende. O amigo Nestor demonstra o interesse e a preocupa\u00e7\u00e3o de algu\u00e9m que vive no Exterior desde meados dos anos 60,<\/p>\n","protected":false},"author":1,"featured_media":0,"comment_status":"closed","ping_status":"open","sticky":false,"template":"","format":"standard","meta":{"_exactmetrics_skip_tracking":false,"_uf_show_specific_survey":0,"_uf_disable_surveys":false,"footnotes":""},"categories":[5],"tags":[],"class_list":["post-13150","post","type-post","status-publish","format-standard","hentry","category-blog"],"_links":{"self":[{"href":"http:\/\/rodolfomartino.com.br\/blog\/wp-json\/wp\/v2\/posts\/13150","targetHints":{"allow":["GET"]}}],"collection":[{"href":"http:\/\/rodolfomartino.com.br\/blog\/wp-json\/wp\/v2\/posts"}],"about":[{"href":"http:\/\/rodolfomartino.com.br\/blog\/wp-json\/wp\/v2\/types\/post"}],"author":[{"embeddable":true,"href":"http:\/\/rodolfomartino.com.br\/blog\/wp-json\/wp\/v2\/users\/1"}],"replies":[{"embeddable":true,"href":"http:\/\/rodolfomartino.com.br\/blog\/wp-json\/wp\/v2\/comments?post=13150"}],"version-history":[{"count":1,"href":"http:\/\/rodolfomartino.com.br\/blog\/wp-json\/wp\/v2\/posts\/13150\/revisions"}],"predecessor-version":[{"id":14895,"href":"http:\/\/rodolfomartino.com.br\/blog\/wp-json\/wp\/v2\/posts\/13150\/revisions\/14895"}],"wp:attachment":[{"href":"http:\/\/rodolfomartino.com.br\/blog\/wp-json\/wp\/v2\/media?parent=13150"}],"wp:term":[{"taxonomy":"category","embeddable":true,"href":"http:\/\/rodolfomartino.com.br\/blog\/wp-json\/wp\/v2\/categories?post=13150"},{"taxonomy":"post_tag","embeddable":true,"href":"http:\/\/rodolfomartino.com.br\/blog\/wp-json\/wp\/v2\/tags?post=13150"}],"curies":[{"name":"wp","href":"https:\/\/api.w.org\/{rel}","templated":true}]}}