{"id":13151,"date":"2015-08-05T00:00:00","date_gmt":"2015-08-05T00:00:00","guid":{"rendered":""},"modified":"2017-09-15T19:01:57","modified_gmt":"2017-09-15T19:01:57","slug":"valdivia-no-bola-da-vez","status":"publish","type":"post","link":"http:\/\/rodolfomartino.com.br\/blog\/valdivia-no-bola-da-vez\/","title":{"rendered":"Vald\u00edvia, no Bola da Vez"},"content":{"rendered":"<p>Vald\u00edvia foi o Bola da Vez, da Espn\/Brasil, na noite de ontem.<\/p>\n<p>O chileno, de sa\u00edda do Palmeiras (o contrato se encerra dia 17) para os Emirados, exp\u00f4s suas verdades ao longo de hora e meia de programa, respondendo aos questionamentos do apresentador, Dan Stulbach, Gean Odi e o craque Alex.<\/p>\n<p>Diria que o programa fugiu ao tatibitate dos programas esportivos da TV brasileira (primeiro) pelo jeit\u00e3o sincero e com algum humor com que o ex-camisa 10 do Palmeiras respondeu as perguntas e (segundo) pelo tom respeitoso \u2013 mas, inquisidor \u2013 que os entrevistadores deram \u00e0 discuss\u00e3o.<\/p>\n<p>Ficou claro, por exemplo, que a dire\u00e7\u00e3o do Palmeiras n\u00e3o se mostrou interessada em permanecer com o craque em seu elenco.<\/p>\n<p>Se agiu certo ou se errou, os telespectadores, a partir das revela\u00e7\u00f5es feitas, podem julgar a bel prazer.<\/p>\n<p>Fiquei com a sensa\u00e7\u00e3o de que Vald\u00edvia gostaria de permanecer no Palmeiras; mas, que \u201cpagou\u201d agora pelos erros que cometeu nos dois primeiros anos de contrato, assim que retornou ao Palestra.<\/p>\n<p>O programa deve ser reprisado ao longo da semana. Assistam e, se lhes interessar, tirem as suas conclus\u00f5es.<\/p>\n<p>Mais uma vez, ressalto, o tom de respeito e esclarecedor dos questionamentos feitos. Justi\u00e7a seja feita, nem sempre o chileno, ao longo de todos esses anos, recebeu esse tratamento pela imprensa esportiva.<\/p>\n<p>Um adendo pra terminar: uma bel\u00edssima e promissora surpresa a participa\u00e7\u00e3o de Alex como comentarista esportivo. Seguro, equilibrado e muito consistente no que diz.<\/p>\n","protected":false},"excerpt":{"rendered":"<p>Vald\u00edvia foi o Bola da Vez, da Espn\/Brasil, na noite de ontem.<\/p>\n<p>O chileno, de sa\u00edda do Palmeiras (o contrato se encerra dia 17) para os Emirados, exp\u00f4s suas verdades ao longo de hora e meia de programa,<\/p>\n","protected":false},"author":1,"featured_media":0,"comment_status":"closed","ping_status":"open","sticky":false,"template":"","format":"standard","meta":{"_exactmetrics_skip_tracking":false,"_uf_show_specific_survey":0,"_uf_disable_surveys":false,"footnotes":""},"categories":[5],"tags":[],"class_list":["post-13151","post","type-post","status-publish","format-standard","hentry","category-blog"],"_links":{"self":[{"href":"http:\/\/rodolfomartino.com.br\/blog\/wp-json\/wp\/v2\/posts\/13151","targetHints":{"allow":["GET"]}}],"collection":[{"href":"http:\/\/rodolfomartino.com.br\/blog\/wp-json\/wp\/v2\/posts"}],"about":[{"href":"http:\/\/rodolfomartino.com.br\/blog\/wp-json\/wp\/v2\/types\/post"}],"author":[{"embeddable":true,"href":"http:\/\/rodolfomartino.com.br\/blog\/wp-json\/wp\/v2\/users\/1"}],"replies":[{"embeddable":true,"href":"http:\/\/rodolfomartino.com.br\/blog\/wp-json\/wp\/v2\/comments?post=13151"}],"version-history":[{"count":1,"href":"http:\/\/rodolfomartino.com.br\/blog\/wp-json\/wp\/v2\/posts\/13151\/revisions"}],"predecessor-version":[{"id":14894,"href":"http:\/\/rodolfomartino.com.br\/blog\/wp-json\/wp\/v2\/posts\/13151\/revisions\/14894"}],"wp:attachment":[{"href":"http:\/\/rodolfomartino.com.br\/blog\/wp-json\/wp\/v2\/media?parent=13151"}],"wp:term":[{"taxonomy":"category","embeddable":true,"href":"http:\/\/rodolfomartino.com.br\/blog\/wp-json\/wp\/v2\/categories?post=13151"},{"taxonomy":"post_tag","embeddable":true,"href":"http:\/\/rodolfomartino.com.br\/blog\/wp-json\/wp\/v2\/tags?post=13151"}],"curies":[{"name":"wp","href":"https:\/\/api.w.org\/{rel}","templated":true}]}}