{"id":13154,"date":"2015-08-08T00:00:00","date_gmt":"2015-08-08T00:00:00","guid":{"rendered":""},"modified":"2017-09-15T19:01:56","modified_gmt":"2017-09-15T19:01:56","slug":"caminhos","status":"publish","type":"post","link":"http:\/\/rodolfomartino.com.br\/blog\/caminhos\/","title":{"rendered":"Caminhos"},"content":{"rendered":"<p>Olho pela janela do apartamento, onde moro. 19\u00ba andar.<\/p>\n<p>H\u00e1 um sol esquivo que se espraia sobre a cidade, e uma leve bruma a esmaecer o tom dos telhados das casas ao redor.<\/p>\n<p>Por ser s\u00e1bado pela manh\u00e3, n\u00e3o h\u00e1 tantos carros nas ruas.<\/p>\n<p>E mesmo nesse hor\u00e1rio, pouco depois das nove, e na altura em que estou, um sil\u00eancio maroto chega a surpreender. Traz embutido um tom nost\u00e1lgico e, \u00e9 inevit\u00e1vel, a lembran\u00e7a de como eram as manh\u00e3s de s\u00e1bado nos mais antigos \u2013 e belos \u2013 anos do passado.<\/p>\n<p>\u00c9ramos um bando de amigos &#8211; jovens e inconsequentes; divertidos, eu diria.<\/p>\n<p>Mais ou menos a essa hora part\u00edamos de nossas casas, algo sonolentos, para nos encontrarmos naquele boteco chinfrim, na esquina da Bom Pastor com a Greenfeld, onde hoje est\u00e1 a Esta\u00e7\u00e3o Sacom\u00e3 do Metr\u00f4, para por  os assuntos da semana em dia.<\/p>\n<p>L\u00e1, j\u00e1 estava a nossa espera, o l\u00edder, guru e mestre de todos n\u00f3s, o Nasci.<\/p>\n<p>N\u00e3o sei&#8230;<\/p>\n<p>N\u00e3o h\u00e1 como explicar a magia daquelas horas. As conversas despirocadas sobre tudo e sobre todos. Rindo, falando, beberincando, rindo e falando e voltando a bebericar e a rir e a falar. De futebol \u00e0 pol\u00edtica, do novela das oito (que ainda era as oito) \u00e0s artimanhas dos acontecimentos internacionais. Da vida alheia \u00e0s mulheres&#8230;<\/p>\n<p>Ali\u00e1s, as mulheres sempre mereceram aten\u00e7\u00e3o especial em nossas conversas (por vezes, insanas; outras tantas, politicamente incorretas). At\u00e9 porque, entre n\u00f3s, tinha lugar cativo o grande Escova, o afamado Dom Juan das Quebradas do Sacom\u00e3..<\/p>\n<p>O impag\u00e1vel Escova, meus am\u00e1veis e fi\u00e9is cinco ou seis leitores bem conhecem de tantas hist\u00f3rias que aqui, no Blog, registrei.<\/p>\n<p>Escova \u00e9 o \u00fanico com quem ainda tenho contato.<\/p>\n<p>Muitos j\u00e1 se foram; outros se perderam mundo afora.<\/p>\n<p>Vez ou outra, nos encontramos por ali. Ainda h\u00e1 dois ou tr\u00eas Sujinhos respeit\u00e1veis por ali. \u00c9 bom tamb\u00e9m \u2013 h\u00e1 dias que o amigo Poeta aparece, e o papo e a beberica\u00e7\u00e3o ficam mais animadinho. <\/p>\n<p>Mas, reconhe\u00e7a-se, n\u00e3o \u00e9 a mesma coisa.<\/p>\n<p>E foi o ele, o Poeta, que em um dos nossos recentes encontros citou outro poeta, o ga\u00facho Mario Quintana, e bem definiu o que viv\u00edamos ali:<\/p>\n<p>Antes todos os caminhos iam<br \/>\nAgora todos os caminhos v\u00eam&#8230;<\/p>\n<p>*Reuni algumas hist\u00f3rias desses tempos no livro \u201cMeus Caros Amigos \u2013 Cr\u00f4nicas sobre jornalistas, bo\u00eamios e paix\u00f5es\u201d, que lancei em 2010.Se algu\u00e9m se interessar, escreva ao Blog.<\/p>\n","protected":false},"excerpt":{"rendered":"<p>Olho pela janela do apartamento, onde moro. 19\u00ba andar.<\/p>\n<p>H\u00e1 um sol esquivo que se espraia sobre a cidade, e uma leve bruma a esmaecer o tom dos telhados das casas ao redor.<\/p>\n","protected":false},"author":1,"featured_media":0,"comment_status":"closed","ping_status":"open","sticky":false,"template":"","format":"standard","meta":{"_exactmetrics_skip_tracking":false,"_uf_show_specific_survey":0,"_uf_disable_surveys":false,"footnotes":""},"categories":[5],"tags":[],"class_list":["post-13154","post","type-post","status-publish","format-standard","hentry","category-blog"],"_links":{"self":[{"href":"http:\/\/rodolfomartino.com.br\/blog\/wp-json\/wp\/v2\/posts\/13154","targetHints":{"allow":["GET"]}}],"collection":[{"href":"http:\/\/rodolfomartino.com.br\/blog\/wp-json\/wp\/v2\/posts"}],"about":[{"href":"http:\/\/rodolfomartino.com.br\/blog\/wp-json\/wp\/v2\/types\/post"}],"author":[{"embeddable":true,"href":"http:\/\/rodolfomartino.com.br\/blog\/wp-json\/wp\/v2\/users\/1"}],"replies":[{"embeddable":true,"href":"http:\/\/rodolfomartino.com.br\/blog\/wp-json\/wp\/v2\/comments?post=13154"}],"version-history":[{"count":1,"href":"http:\/\/rodolfomartino.com.br\/blog\/wp-json\/wp\/v2\/posts\/13154\/revisions"}],"predecessor-version":[{"id":14891,"href":"http:\/\/rodolfomartino.com.br\/blog\/wp-json\/wp\/v2\/posts\/13154\/revisions\/14891"}],"wp:attachment":[{"href":"http:\/\/rodolfomartino.com.br\/blog\/wp-json\/wp\/v2\/media?parent=13154"}],"wp:term":[{"taxonomy":"category","embeddable":true,"href":"http:\/\/rodolfomartino.com.br\/blog\/wp-json\/wp\/v2\/categories?post=13154"},{"taxonomy":"post_tag","embeddable":true,"href":"http:\/\/rodolfomartino.com.br\/blog\/wp-json\/wp\/v2\/tags?post=13154"}],"curies":[{"name":"wp","href":"https:\/\/api.w.org\/{rel}","templated":true}]}}