{"id":13157,"date":"2015-08-11T00:00:00","date_gmt":"2015-08-11T00:00:00","guid":{"rendered":""},"modified":"2017-09-15T19:01:56","modified_gmt":"2017-09-15T19:01:56","slug":"a-bagaca","status":"publish","type":"post","link":"http:\/\/rodolfomartino.com.br\/blog\/a-bagaca\/","title":{"rendered":"A baga\u00e7a"},"content":{"rendered":"<p>Foi um dia de muitas reuni\u00f5es.<\/p>\n<p>(Coisas do trabalho, nem vale \u00e0 pena esmiu\u00e7ar.)<\/p>\n<p>Tamb\u00e9m de muita conversa.<\/p>\n<p>(A pauta \u00e9 a crise que assola o Pa\u00eds. A\u00ed a conversa se arrastou, houve algum bate-boca, mas n\u00e3o se chegou \u00e0 nenhuma solu\u00e7\u00e3o que esteja assim t\u00e3o pr\u00f3xima.) <\/p>\n<p>Ali, pela hora do almo\u00e7o, algu\u00e9m na mesa pr\u00f3xima \u00e0 que eu e os meus est\u00e1vamos citou a velha frase: <\/p>\n<p>\u201cA cada dia, a sua agonia\u201d. <\/p>\n<p>Eu propus que a mesma servisse de mote para encararmos o que a lida di\u00e1ria ainda nos reservava para o resto do expediente.<\/p>\n<p>Pensei que o assunto estivesse encerrado, mas o Deodato, um professor rec\u00e9m-chegado na casa, veterano de tantas \u2018guerras\u2019 pol\u00edticas, achou oportuno reacender as discuss\u00f5es, como o seguinte discurso.<\/p>\n<p>Dois pontos e abre aspas para o Deodato:<\/p>\n<p>&quot;L\u00e1 no passado, o ent\u00e3o presidente J\u00e2nio Quadros falou que foi obrigado a renunciar pelas \u201cfor\u00e7as ocultas\u201d. Ningu\u00e9m lhe deu muita aten\u00e7\u00e3o \u2013 at\u00e9 por que o homem, convenhamos, era imprevis\u00edvel em seus atos e feitos. Depois vieram os \u201cmilicos\u201d \u2013 e eles, sim, estabeleceram o terror, a ditadura e estavam a servi\u00e7o do imperialismo yanke. O Tio Sam era o monstro a ser combatido. Algu\u00e9m lembra? Em meados dos anos 70\/80 falava-se muito em um tal de \u201cSistema\u201d que reinava soberano e implac\u00e1vel. Houve at\u00e9 um filme antigo, n\u00e3o lembro quem era o diretor que tratou do assunto. Desconfio que foi refilmado em 2013. Nesse \u00ednterim, tamb\u00e9m se combateu o bom combate e se tentou extirpar Maluf, Collor, Z\u00e9lia, ACM, PC Farias, Pitta, Sarney e outros tantos da mesma laia.&quot;<\/p>\n<p>Ingenuamente a sensa\u00e7\u00e3o que se tinha \u2013 ponderei &#8211; era de que, vencida essa batalha, o Brasil entraria nos eixos.<\/p>\n<p>E o Deodato continuou o discurso:<\/p>\n<p>\u201cClamamos pelo fim do neoliberalismo, lembram? Condenamos as privatiza\u00e7\u00f5es. Agora&#8230;\u201d<\/p>\n<p>Imaginei que vinha chumbo e que, na sequ\u00eancia, haveria aquelas infind\u00e1veis discuss\u00f5es t\u00e3o em voga hoje em dia. <\/p>\n<p>N\u00e3o houve como interromp\u00ea-lo.<\/p>\n<p>\u201c&#8230; bem, agora clamamos contra a presidente, o Lula, o Z\u00e9 Dirceu; contra os petistas e os seus pares por todas as decep\u00e7\u00f5es que nos causaram e pelo \u201cburaco negro\u201d que nos assombra&#8230;<\/p>\n<p>Esperei pela r\u00e9plica de algu\u00e9m por perto. Mas, foi o Portuga, dono do boteco\/restaurante onde derrub\u00e1vamos a b\u00f3ia, que encerrou o assunto:<\/p>\n<p>\u201cO gajo, me diz, quem decididamente est\u00e1 por tr\u00e1s dessa baga\u00e7a, ent\u00e3o?\u201d<\/p>\n<p>N\u00e3o me contive \u2013 e respondi, de boa:<\/p>\n<p>&#8211; Pergunta l\u00e1 nos Posto Ipiranga,.. Afinal, n\u00f3s viemos aqui pra comer ou pra conversar?<\/p>\n","protected":false},"excerpt":{"rendered":"<p>Foi um dia de muitas reuni\u00f5es.<\/p>\n<p>(Coisas do trabalho, nem vale \u00e0 pena esmiu\u00e7ar.)<\/p>\n<p>Tamb\u00e9m de muita conversa.<\/p>\n<p>(A pauta \u00e9 a crise que assola o Pa\u00eds.<\/p>\n","protected":false},"author":1,"featured_media":0,"comment_status":"closed","ping_status":"open","sticky":false,"template":"","format":"standard","meta":{"_exactmetrics_skip_tracking":false,"_uf_show_specific_survey":0,"_uf_disable_surveys":false,"footnotes":""},"categories":[5],"tags":[],"class_list":["post-13157","post","type-post","status-publish","format-standard","hentry","category-blog"],"_links":{"self":[{"href":"http:\/\/rodolfomartino.com.br\/blog\/wp-json\/wp\/v2\/posts\/13157","targetHints":{"allow":["GET"]}}],"collection":[{"href":"http:\/\/rodolfomartino.com.br\/blog\/wp-json\/wp\/v2\/posts"}],"about":[{"href":"http:\/\/rodolfomartino.com.br\/blog\/wp-json\/wp\/v2\/types\/post"}],"author":[{"embeddable":true,"href":"http:\/\/rodolfomartino.com.br\/blog\/wp-json\/wp\/v2\/users\/1"}],"replies":[{"embeddable":true,"href":"http:\/\/rodolfomartino.com.br\/blog\/wp-json\/wp\/v2\/comments?post=13157"}],"version-history":[{"count":1,"href":"http:\/\/rodolfomartino.com.br\/blog\/wp-json\/wp\/v2\/posts\/13157\/revisions"}],"predecessor-version":[{"id":14888,"href":"http:\/\/rodolfomartino.com.br\/blog\/wp-json\/wp\/v2\/posts\/13157\/revisions\/14888"}],"wp:attachment":[{"href":"http:\/\/rodolfomartino.com.br\/blog\/wp-json\/wp\/v2\/media?parent=13157"}],"wp:term":[{"taxonomy":"category","embeddable":true,"href":"http:\/\/rodolfomartino.com.br\/blog\/wp-json\/wp\/v2\/categories?post=13157"},{"taxonomy":"post_tag","embeddable":true,"href":"http:\/\/rodolfomartino.com.br\/blog\/wp-json\/wp\/v2\/tags?post=13157"}],"curies":[{"name":"wp","href":"https:\/\/api.w.org\/{rel}","templated":true}]}}