{"id":13158,"date":"2015-08-12T00:00:00","date_gmt":"2015-08-12T00:00:00","guid":{"rendered":""},"modified":"2017-09-15T19:01:56","modified_gmt":"2017-09-15T19:01:56","slug":"fim-do-viola-fim-do-provocacoes-lamento","status":"publish","type":"post","link":"http:\/\/rodolfomartino.com.br\/blog\/fim-do-viola-fim-do-provocacoes-lamento\/","title":{"rendered":"Fim do Viola. Fim do Provoca\u00e7\u00f5es. Lamento"},"content":{"rendered":"<p>Lamento profundamente a decis\u00e3o da Funda\u00e7\u00e3o Padre Anchieta de acabar com dois t\u00edtulos da casa, o \u201cViola Minha Viola\u201d e \u201cProvoca\u00e7\u00f5es\u201d. A alega\u00e7\u00e3o \u2013 cab\u00edvel, mas n\u00e3o justific\u00e1vel \u2013 \u00e9 a de que as atra\u00e7\u00f5es eram \u201cpersonificadas\u201d e seus comandantes \u2013 os saudosos Inezita Barroso e Ant\u00f4nio Abujamra que morreram no primeiro semestre deste ano \u2013 s\u00e3o insubstitu\u00edveis.<\/p>\n<p>\u201cOs programas acabaram quando essas pessoas morreram. Eram personificados\u201d, disse \u00e0 Folha de S. Paulo o presidente da Funda\u00e7\u00e3o, Marcos Mendon\u00e7a. <\/p>\n<p>Faz sentido.<\/p>\n<p>Mas, mesmo assim, lamento.<\/p>\n<p>Acho que ambos se transformaram em um marco na TV brasileira. O \u201cViola\u201d durou nada menos que 35 anos. \u201cProvoca\u00e7\u00f5es\u201d estava na grade desde 2000.<\/p>\n<p>Far\u00e3o uma falta danada.<\/p>\n<p>N\u00e3o h\u00e1 nenhum programa de entrevista t\u00e3o instigante quanto  \u201cProvoca\u00e7\u00f5es\u201d. O \u201cpoliticamente correto\u201d passava longe da pauta do grande Abu. Suas reflex\u00f5es e a diversidade dos entrevistados mostravam um Brasil que, grosso modo, a TV brasileira prefere esconder.<\/p>\n<p>O \u201cViola Minha Viola\u201d tamb\u00e9m apontava para a contram\u00e3o do que manda e ordena os modismos na TV brasileira. Atendia a uma significativa parcela da popula\u00e7\u00e3o \u2013 eu diria, os acima de 70 \u2013 que se v\u00ea abandonada nas produ\u00e7\u00f5es televisivas e, vamos combinar, em v\u00e1rios segmentos da nossa sociedade.<\/p>\n<p>A bem da verdade, \u00e9 justo dizer, tenho l\u00e1 meus motivos para tamanha tristeza. Abujambra lembrava o meu inesquec\u00edvel amigo Nasci, tantos nas fei\u00e7\u00f5es como no humor, por vezes, contundente. J\u00e1 o \u201cViola Minha Viola\u201d, eu o assistia quase todos os domingos, ao lado da Dona Yolanda, minha saudosa m\u00e3e, que se foi no in\u00edcio de junho.<\/p>\n","protected":false},"excerpt":{"rendered":"<p>Lamento profundamente a decis\u00e3o da Funda\u00e7\u00e3o Padre Anchieta de acabar com dois t\u00edtulos da casa, o \u201cViola Minha Viola\u201d e \u201cProvoca\u00e7\u00f5es\u201d. A alega\u00e7\u00e3o \u2013 cab\u00edvel, mas n\u00e3o justific\u00e1vel \u2013 \u00e9 a de que as atra\u00e7\u00f5es eram \u201cpersonificadas\u201d e seus comandantes \u2013 os saudosos Inezita Barroso e Ant\u00f4nio Abujamra que morreram no primeiro semestre deste ano \u2013 s\u00e3o insubstitu\u00edveis.<\/p>\n","protected":false},"author":1,"featured_media":0,"comment_status":"closed","ping_status":"open","sticky":false,"template":"","format":"standard","meta":{"_exactmetrics_skip_tracking":false,"_uf_show_specific_survey":0,"_uf_disable_surveys":false,"footnotes":""},"categories":[5],"tags":[],"class_list":["post-13158","post","type-post","status-publish","format-standard","hentry","category-blog"],"_links":{"self":[{"href":"http:\/\/rodolfomartino.com.br\/blog\/wp-json\/wp\/v2\/posts\/13158","targetHints":{"allow":["GET"]}}],"collection":[{"href":"http:\/\/rodolfomartino.com.br\/blog\/wp-json\/wp\/v2\/posts"}],"about":[{"href":"http:\/\/rodolfomartino.com.br\/blog\/wp-json\/wp\/v2\/types\/post"}],"author":[{"embeddable":true,"href":"http:\/\/rodolfomartino.com.br\/blog\/wp-json\/wp\/v2\/users\/1"}],"replies":[{"embeddable":true,"href":"http:\/\/rodolfomartino.com.br\/blog\/wp-json\/wp\/v2\/comments?post=13158"}],"version-history":[{"count":1,"href":"http:\/\/rodolfomartino.com.br\/blog\/wp-json\/wp\/v2\/posts\/13158\/revisions"}],"predecessor-version":[{"id":14887,"href":"http:\/\/rodolfomartino.com.br\/blog\/wp-json\/wp\/v2\/posts\/13158\/revisions\/14887"}],"wp:attachment":[{"href":"http:\/\/rodolfomartino.com.br\/blog\/wp-json\/wp\/v2\/media?parent=13158"}],"wp:term":[{"taxonomy":"category","embeddable":true,"href":"http:\/\/rodolfomartino.com.br\/blog\/wp-json\/wp\/v2\/categories?post=13158"},{"taxonomy":"post_tag","embeddable":true,"href":"http:\/\/rodolfomartino.com.br\/blog\/wp-json\/wp\/v2\/tags?post=13158"}],"curies":[{"name":"wp","href":"https:\/\/api.w.org\/{rel}","templated":true}]}}