{"id":13161,"date":"2015-08-15T00:00:00","date_gmt":"2015-08-15T00:00:00","guid":{"rendered":""},"modified":"2017-09-15T19:01:56","modified_gmt":"2017-09-15T19:01:56","slug":"espelho","status":"publish","type":"post","link":"http:\/\/rodolfomartino.com.br\/blog\/espelho\/","title":{"rendered":"Espelho"},"content":{"rendered":"<p>Era como se eu estivesse, ali, diante de um espelho.<\/p>\n<p>N\u00e3o que tiv\u00e9ssemos as mesmas fei\u00e7\u00f5es, mas diante de suas confiss\u00f5es pude perceber o tanto que \u00e9ramos (somos) parecidos.<\/p>\n<p>&#8211; Sou um homem velho, disse-me.<\/p>\n<p>&#8211; Somos contempor\u00e2neos, retruquei.<\/p>\n<p>Ele n\u00e3o quis saber a minha idade. Nem eu ousei perguntar a sua. Dividimos uma r\u00e1pida viagem de elevador, vinte andares abaixo, neste fim de tarde de sexta-feira quando deix\u00e1vamos um desses portentosos pr\u00e9dios empresariais de S\u00e3o Paulo.<\/p>\n<p>&#8211; At\u00e9 que enfim, \u00e9 sexta-feira \u2013 ele falou quebrando o sil\u00eancio  desses encontros fortuitos, e completou: <\/p>\n<p>&#8211; Fim de expediente. Ufa!<\/p>\n<p>&#8211; Nem tanto, respondi. O tr\u00e2nsito me espera. At\u00e9 chegar em S\u00e3o Bernardo \u00e9 uma lambada e tanto.<\/p>\n<p>&#8211; Desta me safei, confessou aliviado. &#8211; Moro perto. Um instantinho de metr\u00f4.<\/p>\n<p>Bateu um naco inveja, mas n\u00e3o demonstrei, nem considerei. Gosto de morar onde moro.<\/p>\n<p>Foi a\u00ed que se revelou o outro lado da moeda.<\/p>\n<p>(&#8230;)<\/p>\n<p>J\u00e1 no sagu\u00e3o do t\u00e9rreo, enquanto encaminh\u00e1vamos para as famigeradas catracas da sa\u00edda, ouvi o desabafo:<\/p>\n<p>&#8211; N\u00e3o vou ter sossego no fim de semana. Moro perto da avenida Paulista.<\/p>\n<p>&#8211; \u00c9 vai ser um barulho daqueles, tentei confort\u00e1-lo, sem querer entrar nos tais meandros, digamos, ideol\u00f3gicos. <\/p>\n<p>O senhor \u2013 livros e um desses aventais guarda-p\u00f3 nas m\u00e3os \u2013 me pareceu sair de alguma sala de aula, e me pareceu cansado com a lida. Talvez o que mais quisesse mesmo fosse um tempo de descanso, de tranquilidade, para recuperar-se e encarar, na segunda, a pr\u00f3xima semana de \u00e1rdua labuta. <\/p>\n<p>&#8211; Detesto confus\u00e3o.Temo quando o \u00f3dio se sobrep\u00f5e aos outros tantos valores que nos s\u00e3o mais importante para a constru\u00e7\u00e3o de uma sociedade mais justa.<\/p>\n<p>&#8211; Somos da gera\u00e7\u00e3o paz e amor, acrescentei.<\/p>\n<p> &#8211; Sei que algo precisa ser feito. Estamos no fim de um ciclo. Quem ganhou n\u00e3o se mostra \u00e0 altura da vit\u00f3ria. Quem perdeu ainda n\u00e3o se conformou. Os oportunistas s\u00e3o os que levam a melhor nessa hora. Ando muito desiludido com tudo e com todos.<\/p>\n<p>(&#8230;)<\/p>\n<p>Foi a vez do meu interlocutor perceber que falara demais. <\/p>\n<p>(Sabe-se l\u00e1 o que eu pensava, em quem eu votara, qual o meu grau de intoler\u00e2ncia diante do desabafo de um desconhecido?)<\/p>\n<p>J\u00e1 quando nos desped\u00edamos, diante do meu sil\u00eancio, tentou se justificar:<\/p>\n<p>&#8211; Sou um homem velho.<\/p>\n<p>&#8211; Somos contempor\u00e2neos, retruquei.<\/p>\n<p>S\u00f3 n\u00e3o acrescentei o \u201ctamo junto\u201d porque, primeiro, a express\u00e3o n\u00e3o \u00e9 do nosso tempo e, segundo, continu\u00e1vamos ilustres desconhecidos um para o outro.<\/p>\n","protected":false},"excerpt":{"rendered":"<p>Era como se eu estivesse, ali, diante de um espelho.<\/p>\n<p>N\u00e3o que tiv\u00e9ssemos as mesmas fei\u00e7\u00f5es, mas diante de suas confiss\u00f5es pude perceber o tanto que \u00e9ramos (somos) parecidos.<\/p>\n","protected":false},"author":1,"featured_media":0,"comment_status":"closed","ping_status":"open","sticky":false,"template":"","format":"standard","meta":{"_exactmetrics_skip_tracking":false,"_uf_show_specific_survey":0,"_uf_disable_surveys":false,"footnotes":""},"categories":[5],"tags":[],"class_list":["post-13161","post","type-post","status-publish","format-standard","hentry","category-blog"],"_links":{"self":[{"href":"http:\/\/rodolfomartino.com.br\/blog\/wp-json\/wp\/v2\/posts\/13161","targetHints":{"allow":["GET"]}}],"collection":[{"href":"http:\/\/rodolfomartino.com.br\/blog\/wp-json\/wp\/v2\/posts"}],"about":[{"href":"http:\/\/rodolfomartino.com.br\/blog\/wp-json\/wp\/v2\/types\/post"}],"author":[{"embeddable":true,"href":"http:\/\/rodolfomartino.com.br\/blog\/wp-json\/wp\/v2\/users\/1"}],"replies":[{"embeddable":true,"href":"http:\/\/rodolfomartino.com.br\/blog\/wp-json\/wp\/v2\/comments?post=13161"}],"version-history":[{"count":1,"href":"http:\/\/rodolfomartino.com.br\/blog\/wp-json\/wp\/v2\/posts\/13161\/revisions"}],"predecessor-version":[{"id":14884,"href":"http:\/\/rodolfomartino.com.br\/blog\/wp-json\/wp\/v2\/posts\/13161\/revisions\/14884"}],"wp:attachment":[{"href":"http:\/\/rodolfomartino.com.br\/blog\/wp-json\/wp\/v2\/media?parent=13161"}],"wp:term":[{"taxonomy":"category","embeddable":true,"href":"http:\/\/rodolfomartino.com.br\/blog\/wp-json\/wp\/v2\/categories?post=13161"},{"taxonomy":"post_tag","embeddable":true,"href":"http:\/\/rodolfomartino.com.br\/blog\/wp-json\/wp\/v2\/tags?post=13161"}],"curies":[{"name":"wp","href":"https:\/\/api.w.org\/{rel}","templated":true}]}}