{"id":13164,"date":"2015-08-18T00:00:00","date_gmt":"2015-08-18T00:00:00","guid":{"rendered":""},"modified":"2017-09-15T19:01:56","modified_gmt":"2017-09-15T19:01:56","slug":"a-arvore-das-lagrimas","status":"publish","type":"post","link":"http:\/\/rodolfomartino.com.br\/blog\/a-arvore-das-lagrimas\/","title":{"rendered":"A \u00c1rvore das L\u00e1grimas"},"content":{"rendered":"<p>O sempre vereador Almir Guimar\u00e3es me encaminha mensagem para um movimento que acontece no Ipiranga, liderado pelo designer Hugo Fran\u00e7a, para salvar a lend\u00e1ria Figueira das L\u00e1grimas, \u00e1rvore mais do que centen\u00e1ria que supostamente teria assistido a alguns dos nossos principais acontecimentos hist\u00f3rica.<\/p>\n<p>Contam os historiadores que a frondosa \u00e1rvore j\u00e1 existia quando a expedi\u00e7\u00e3o de D. Pedro I ali passou pelo caminho que a margeava (e que depois, por sua inspira\u00e7\u00e3o, ganhou o nome de Estrada das L\u00e1grimas) e, em 1822, um tantinho mais adiante proclamou a Independ\u00eancia do Brasil ao proferir o famoso Grito do Ipiranga.<\/p>\n<p>Contam tamb\u00e9m que, sob a ampla sombra de seus galhos e folhas, os pracinhas da FEB se despediam das fam\u00edlias para que as tropas se encaminhassem ao porto de Santos, rumo \u00e0 It\u00e1lia, a fim de lutar na Segunda Grande Guerra. <\/p>\n<p>O nome (\u00c1rvore das L\u00e1grimas), segundo consta, vem deste fato.<\/p>\n<p>Nos tempos em que trabalhava no jornal Gazeta do Ipiranga e o Almir ocupava a verean\u00e7a em S\u00e3o Paulo, fizemos alguns trabalhos em conjunto para a preserva\u00e7\u00e3o do que cham\u00e1vamos de \u201cmonumento \u00e0 nossa Hist\u00f3ria\u201d.<\/p>\n<p>Bom saber que esta luta continua e que, de alguma forma, h\u00e1 quem se preocupe e n\u00e3o deixe essa luta se perder no tempo e no espa\u00e7o. <\/p>\n<p>Ali\u00e1s, todo o cen\u00e1rio que circunda a \u00c1rvore das L\u00e1grimas poderia ser outro se, em fins dos anos 70, um projeto de \u00e1rea verde e conjunto poliesportivo, apresentado pelo vereador na C\u00e2mara Municipal e \u00e0 Prefeitura, tivesse se transformado em realidade. A Favela de Heli\u00f3polis ainda n\u00e3o existia \u2013 e todas as lideran\u00e7as do bairro do Ipiranga apoiavam \u00e0 iniciativa. Outro amigo, o saudoso professor e esportista Francisco Teodoro Mendes, tamb\u00e9m se empenhou pra valer para que n\u00e3o se abandonasse toda aquela \u00e1rea \u201cao Deus dar\u00e1\u201d.<\/p>\n<p>O que, infelizmente, acabou por n\u00e3o acontecer \u2013 e todos perdemos.<\/p>\n","protected":false},"excerpt":{"rendered":"<p>O sempre vereador Almir Guimar\u00e3es me encaminha mensagem para um movimento que acontece no Ipiranga, liderado pelo designer Hugo Fran\u00e7a, para salvar a lend\u00e1ria Figueira das L\u00e1grimas, \u00e1rvore mais do que centen\u00e1ria que supostamente teria assistido a alguns dos nossos principais acontecimentos hist\u00f3rica.<\/p>\n","protected":false},"author":1,"featured_media":0,"comment_status":"closed","ping_status":"open","sticky":false,"template":"","format":"standard","meta":{"_exactmetrics_skip_tracking":false,"_uf_show_specific_survey":0,"_uf_disable_surveys":false,"footnotes":""},"categories":[5],"tags":[],"class_list":["post-13164","post","type-post","status-publish","format-standard","hentry","category-blog"],"_links":{"self":[{"href":"http:\/\/rodolfomartino.com.br\/blog\/wp-json\/wp\/v2\/posts\/13164","targetHints":{"allow":["GET"]}}],"collection":[{"href":"http:\/\/rodolfomartino.com.br\/blog\/wp-json\/wp\/v2\/posts"}],"about":[{"href":"http:\/\/rodolfomartino.com.br\/blog\/wp-json\/wp\/v2\/types\/post"}],"author":[{"embeddable":true,"href":"http:\/\/rodolfomartino.com.br\/blog\/wp-json\/wp\/v2\/users\/1"}],"replies":[{"embeddable":true,"href":"http:\/\/rodolfomartino.com.br\/blog\/wp-json\/wp\/v2\/comments?post=13164"}],"version-history":[{"count":1,"href":"http:\/\/rodolfomartino.com.br\/blog\/wp-json\/wp\/v2\/posts\/13164\/revisions"}],"predecessor-version":[{"id":14881,"href":"http:\/\/rodolfomartino.com.br\/blog\/wp-json\/wp\/v2\/posts\/13164\/revisions\/14881"}],"wp:attachment":[{"href":"http:\/\/rodolfomartino.com.br\/blog\/wp-json\/wp\/v2\/media?parent=13164"}],"wp:term":[{"taxonomy":"category","embeddable":true,"href":"http:\/\/rodolfomartino.com.br\/blog\/wp-json\/wp\/v2\/categories?post=13164"},{"taxonomy":"post_tag","embeddable":true,"href":"http:\/\/rodolfomartino.com.br\/blog\/wp-json\/wp\/v2\/tags?post=13164"}],"curies":[{"name":"wp","href":"https:\/\/api.w.org\/{rel}","templated":true}]}}