{"id":13165,"date":"2015-08-19T00:00:00","date_gmt":"2015-08-19T00:00:00","guid":{"rendered":""},"modified":"2017-09-15T19:01:55","modified_gmt":"2017-09-15T19:01:55","slug":"o-braz","status":"publish","type":"post","link":"http:\/\/rodolfomartino.com.br\/blog\/o-braz\/","title":{"rendered":"O Braz"},"content":{"rendered":"<p>Fa\u00e7o o registro com algum atraso, mas repleto de agradecimentos pela gentileza.<\/p>\n<p>O pessoal do Jornal do Br\u00e1s me encaminhou o fac-s\u00edmile da edi\u00e7\u00e3o de n\u00famero 1 de \u201cO Braz\u201d, editado em 1\u00ba de setembro de 1985, pelo coronel e jornalista Albino Soares Bair\u00e3o.<\/p>\n<p>Os amigos informam:<\/p>\n<p>\u201cA publica\u00e7\u00e3o \u00e9, seguramente, o primeiro jornal de bairro de S\u00e3o Paulo e tal rel\u00edquia foi localizada ap\u00f3s anos de pesquisa em velho ba\u00fa da hist\u00f3ria brasense.\u201d<\/p>\n<p>\u201cA reprodu\u00e7\u00e3o \u2013 continuam \u2013 foi feita pelo Jornal do Br\u00e1s em parceria com a Gr\u00e1fica Mar Mar, com a devida aquiesc\u00eancia da matriarca da fam\u00edlia Bair\u00e3o. H\u00e1 25 anos, a filha do ent\u00e3o propriet\u00e1rio, sra. Maria de Lourdes Bair\u00e3o, legou ao Jornal do Br\u00e1s a miss\u00e3o de prosseguir a difus\u00e3o das tradi\u00e7\u00f5es do bairro e as quest\u00f5es mais relevantes do seu dia a dia.\u201d<\/p>\n<p>Como meus am\u00e1veis cinco ou seis leitores bem sabem, tenho amplo interesse na hist\u00f3ria dos jornais de bairros paulistanos. Vivi grande parte da minha trajet\u00f3ria jornal\u00edstica dentro da reda\u00e7\u00e3o de um deles, a Gazeta do Ipiranga \u2013 e sei da import\u00e2ncia que esses \u00f3rg\u00e3os tiveram para a reorganiza\u00e7\u00e3o das representa\u00e7\u00f5es sociais ap\u00f3s os trancos que o regime ditatorial nos deu entre 1964 e 1985.<\/p>\n<p>Depois, j\u00e1 na Universidade, acabei por ser um estudioso desse g\u00eanero de jornalismo que, mesmo por vias indiretas, acabou por desenvolver o cultivo das sementes do comunitarismo e da cidadania.<\/p>\n<p>Como bem dizia o jornalista Tonico Marques, fundador de Gazeta do Ipiranga e Gazeta de S\u00e3o Bernardo, entre outros, foram essas publica\u00e7\u00f5es que deram \u201cvoz e vez\u201d \u00e0s associa\u00e7\u00f5es de bairro, clubes de servi\u00e7os, entidades representativas, movimentos populares e que tais.<\/p>\n","protected":false},"excerpt":{"rendered":"<p>Fa\u00e7o o registro com algum atraso, mas repleto de agradecimentos pela gentileza.<\/p>\n<p>O pessoal do Jornal do Br\u00e1s me encaminhou o fac-s\u00edmile da edi\u00e7\u00e3o de n\u00famero 1 de \u201cO Braz\u201d,<\/p>\n","protected":false},"author":1,"featured_media":0,"comment_status":"closed","ping_status":"open","sticky":false,"template":"","format":"standard","meta":{"_exactmetrics_skip_tracking":false,"_uf_show_specific_survey":0,"_uf_disable_surveys":false,"footnotes":""},"categories":[5],"tags":[],"class_list":["post-13165","post","type-post","status-publish","format-standard","hentry","category-blog"],"_links":{"self":[{"href":"http:\/\/rodolfomartino.com.br\/blog\/wp-json\/wp\/v2\/posts\/13165","targetHints":{"allow":["GET"]}}],"collection":[{"href":"http:\/\/rodolfomartino.com.br\/blog\/wp-json\/wp\/v2\/posts"}],"about":[{"href":"http:\/\/rodolfomartino.com.br\/blog\/wp-json\/wp\/v2\/types\/post"}],"author":[{"embeddable":true,"href":"http:\/\/rodolfomartino.com.br\/blog\/wp-json\/wp\/v2\/users\/1"}],"replies":[{"embeddable":true,"href":"http:\/\/rodolfomartino.com.br\/blog\/wp-json\/wp\/v2\/comments?post=13165"}],"version-history":[{"count":1,"href":"http:\/\/rodolfomartino.com.br\/blog\/wp-json\/wp\/v2\/posts\/13165\/revisions"}],"predecessor-version":[{"id":14880,"href":"http:\/\/rodolfomartino.com.br\/blog\/wp-json\/wp\/v2\/posts\/13165\/revisions\/14880"}],"wp:attachment":[{"href":"http:\/\/rodolfomartino.com.br\/blog\/wp-json\/wp\/v2\/media?parent=13165"}],"wp:term":[{"taxonomy":"category","embeddable":true,"href":"http:\/\/rodolfomartino.com.br\/blog\/wp-json\/wp\/v2\/categories?post=13165"},{"taxonomy":"post_tag","embeddable":true,"href":"http:\/\/rodolfomartino.com.br\/blog\/wp-json\/wp\/v2\/tags?post=13165"}],"curies":[{"name":"wp","href":"https:\/\/api.w.org\/{rel}","templated":true}]}}