{"id":13166,"date":"2015-08-20T00:00:00","date_gmt":"2015-08-20T00:00:00","guid":{"rendered":""},"modified":"2017-09-15T19:01:55","modified_gmt":"2017-09-15T19:01:55","slug":"a-escolha-2","status":"publish","type":"post","link":"http:\/\/rodolfomartino.com.br\/blog\/a-escolha-2\/","title":{"rendered":"A escolha"},"content":{"rendered":"<p>Encontro o amigo Longman para um caf\u00e9, aqui, na Universidade.<\/p>\n<p>Fomos contempor\u00e2neos da ECA\/USP nos anos 70, fizemos os dois primeiros anos de disciplinas comuns juntos e depois ele escolheu cursar Publicidade Propaganda e eu me mandei para o Jornalismo. Naqueles idos era assim, todos entravam em Comunica\u00e7\u00e3o Social e, s\u00f3 no terceiro ano, escolheriam a carreira que queriam seguir \u2013 al\u00e9m dos supracitados, havia tamb\u00e9m Rela\u00e7\u00f5es P\u00fablicas, Cinema, R\u00e1dio\/TV, entre outros tantos.<\/p>\n<p>A bem da verdade, eu o Longman s\u00f3 nos reconhecemos companheiros daqueles idos quando se organizou um desses reencontros da turma, trinta e tantos anos depois quase sem not\u00edcias uns de outros.<\/p>\n<p>N\u00e3o hav\u00edamos nos dado conta de quem \u00e9ramos (O tempo \u00e9 implac\u00e1vel, meus caros) e nos conhec\u00edamos de vista na Universidade onde ambos trabalhamos.<\/p>\n<p>De repente, na tal festa de congra\u00e7amento, topamos com a surpresa e a coincid\u00eancia que o destino nos pregou.<\/p>\n<p>II.<\/p>\n<p>Sempre que nos encontramos por aqui (o Longman \u00e9 excelente professor de Fotografia) \u00e9 inevit\u00e1vel um papo as coisas do mundo (como Paulinho da Viola bem cantou naqueles idos) e uma reca\u00edda no t\u00fanel do tempo.<\/p>\n<p>Ontem, n\u00e3o sei por qual motivo lembramos de como fizemos nossas op\u00e7\u00f5es. Disse que o Jornalismo me pareceu o curso com maior possibilidade de carreira para um suburbano como eu, al\u00e9m do que eu gostava de escrever. O amigo, por sua vez, n\u00e3o soube me dizer o porqu\u00ea foi parar em PP.<\/p>\n<p>Foi nesse momento que me lembrei da palestra que nossa classe presenciou do publicit\u00e1rio Neil Ferreira, um dos \u00edcones do segmento naqueles anos.<\/p>\n<p>Longman disse que n\u00e3o lembrava daquele encontro.<\/p>\n<p>Ent\u00e3o tentei lhe reavivar a mem\u00f3ria.<\/p>\n<p>III.<\/p>\n<p>O cara era um descolado, cabelo no estilo, roupa colorida \u2013 e foi logo dizendo que largou as reda\u00e7\u00f5es dos jornais \u201cporque ali n\u00e3o se ganha legal\u201d (40 e tantos anos depois, reconhe\u00e7o, \u00e9 a mais absoluta verdade, mas vai se vivendo).<\/p>\n<p>Ele balan\u00e7ou a cabe\u00e7a. Negativamente.<\/p>\n<p>Puxei outro trecho da palestra do fundo da mem\u00f3ria:<\/p>\n<p>&#8211; Lembra que ele contou como fez o an\u00fancio do \u00f3leo Mazzola? Para provar que o produto era feito \u00e0 base de milho, ele condicionou duas ou tr\u00eas galinhas a bicarem a lata. Lembra? Ele ainda comentou que, ap\u00f3s as filmagens, todos estavam com tanta fome que comeram as galinhas.<\/p>\n<p>IV.<\/p>\n<p>Longman riu \u2013 e me garantiu que n\u00e3o lembrava mesmo.  Acrescentou, no entanto, que o Neil \u00e0quela \u00e9poca produzia an\u00fancios com as modelos mais lindas da pra\u00e7a.<\/p>\n<p>&#8211; Ser\u00e1 que depois das filmagens, ele tamb\u00e9m&#8230;<\/p>\n<p>Nem foi preciso terminar a frase, todos ao redor j\u00e1 riram da nossa indiscri\u00e7\u00e3o. Ali\u00e1s, se bem lembro, foi o que aconteceu com a nossa turma quando o Neil nos contou essa hist\u00f3ria.<\/p>\n","protected":false},"excerpt":{"rendered":"<p>Encontro o amigo Longman para um caf\u00e9, aqui, na Universidade.<\/p>\n<p>Fomos contempor\u00e2neos da ECA\/USP nos anos 70, fizemos os dois primeiros anos de disciplinas comuns juntos e depois ele escolheu cursar Publicidade Propaganda e eu me mandei para o Jornalismo.<\/p>\n","protected":false},"author":1,"featured_media":0,"comment_status":"closed","ping_status":"open","sticky":false,"template":"","format":"standard","meta":{"_exactmetrics_skip_tracking":false,"_uf_show_specific_survey":0,"_uf_disable_surveys":false,"footnotes":""},"categories":[5],"tags":[],"class_list":["post-13166","post","type-post","status-publish","format-standard","hentry","category-blog"],"_links":{"self":[{"href":"http:\/\/rodolfomartino.com.br\/blog\/wp-json\/wp\/v2\/posts\/13166","targetHints":{"allow":["GET"]}}],"collection":[{"href":"http:\/\/rodolfomartino.com.br\/blog\/wp-json\/wp\/v2\/posts"}],"about":[{"href":"http:\/\/rodolfomartino.com.br\/blog\/wp-json\/wp\/v2\/types\/post"}],"author":[{"embeddable":true,"href":"http:\/\/rodolfomartino.com.br\/blog\/wp-json\/wp\/v2\/users\/1"}],"replies":[{"embeddable":true,"href":"http:\/\/rodolfomartino.com.br\/blog\/wp-json\/wp\/v2\/comments?post=13166"}],"version-history":[{"count":1,"href":"http:\/\/rodolfomartino.com.br\/blog\/wp-json\/wp\/v2\/posts\/13166\/revisions"}],"predecessor-version":[{"id":14879,"href":"http:\/\/rodolfomartino.com.br\/blog\/wp-json\/wp\/v2\/posts\/13166\/revisions\/14879"}],"wp:attachment":[{"href":"http:\/\/rodolfomartino.com.br\/blog\/wp-json\/wp\/v2\/media?parent=13166"}],"wp:term":[{"taxonomy":"category","embeddable":true,"href":"http:\/\/rodolfomartino.com.br\/blog\/wp-json\/wp\/v2\/categories?post=13166"},{"taxonomy":"post_tag","embeddable":true,"href":"http:\/\/rodolfomartino.com.br\/blog\/wp-json\/wp\/v2\/tags?post=13166"}],"curies":[{"name":"wp","href":"https:\/\/api.w.org\/{rel}","templated":true}]}}