{"id":13167,"date":"2015-08-21T00:00:00","date_gmt":"2015-08-21T00:00:00","guid":{"rendered":""},"modified":"2017-09-15T19:01:55","modified_gmt":"2017-09-15T19:01:55","slug":"desesperar-jamais","status":"publish","type":"post","link":"http:\/\/rodolfomartino.com.br\/blog\/desesperar-jamais\/","title":{"rendered":"Desesperar jamais"},"content":{"rendered":"<p>\u201cDesesperar jamais\u201d, ensinaram Ivan Lins e Vitor Martins, nos versos da can\u00e7\u00e3o que se indignava com o tempo obscurantista em que viv\u00edamos e que, apesar de todas as broncas, era poss\u00edvel sonhar com um Brasil mais justo e solid\u00e1rio.<\/p>\n<p>Os tempos s\u00e3o outros, \u00e9 bem verdade \u2013 e notoriamente conturbados. No entanto, antes que sa\u00edamos pela a\u00ed distribuindo bordoadas, soltando improp\u00e9rios com este e aquele, \u00e9 importante que nos informemos sobre o que acontece hoje no Pa\u00eds.<\/p>\n<p>Tomo a liberdade de lhes fazer, am\u00e1veis cinco ou seis leitores, tr\u00eas recomenda\u00e7\u00f5es de leitura.<\/p>\n<p>1 \u2013 a coluna de Ver\u00edssimo em O Estado de S. Paulo de ontem, \u201cO V\u00e1cuo\u201d que diz, entre outras verdades: \u201cSugiro a quem se preocupa com o momento nacional que fa\u00e7a um pouco de arqueologia hist\u00f3rica para manter as coisas em perspectiva. Procure na imprensa da \u00e9poca a rea\u00e7\u00e3o causada pela marcha da fam\u00edlia com Deus pela liberdade contra a amea\u00e7a comunista. Tamb\u00e9m foi uma manifesta\u00e7\u00e3o enorme, impressionante. E foi o pre\u00e2mbulo do golpe de 64 e dos 20 anos negros que se seguiram e hoje tanta gente quer ver de novo\u201d.<\/p>\n<p>2 &#8211; o artigo do professor e economista Luiz Carlos Bresser Pereira, \u201c\u00c0 Altura do Momento\u201d, publicado ontem na Folha de S.Paulo. No texto, o ex-ministro do governo FHC destaca: \u201cOra, este n\u00e3o \u00e9 o momento para atacar o governo. Muito menos \u00e9 o momento para tentar desestabiliz\u00e1-lo. N\u00e3o estamos em \u00e9poca de elei\u00e7\u00f5es, mas em um momento em que temos de reunir for\u00e7as para enfrentar uma crise econ\u00f4mica\u201d.<\/p>\n<p>3 \u2013 o n\u00famero de agosto da revista Brasileiros que traz a mat\u00e9ria de capa \u201cA Tristeza Est\u00e1 de Volta\u201d em que retrata a perplexidade da popula\u00e7\u00e3o diante das perdas das conquistas dos \u00faltimos anos, do avan\u00e7o do desemprego e da instabilidade pol\u00edtica do pa\u00eds. Especialistas como Marcos Napolitano, Pedro Celestino Luiz Gonzaga Belluzzo, entre outros, discutem o momento brasileiro no \u00e2mbito pol\u00edtico, econ\u00f4mico e psicanal\u00edtico.<\/p>\n","protected":false},"excerpt":{"rendered":"<p>\u201cDesesperar jamais\u201d, ensinaram Ivan Lins e Vitor Martins, nos versos da can\u00e7\u00e3o que se indignava com o tempo obscurantista em que viv\u00edamos e que, apesar de todas as broncas, era poss\u00edvel sonhar com um Brasil mais justo e solid\u00e1rio.<\/p>\n","protected":false},"author":1,"featured_media":0,"comment_status":"closed","ping_status":"open","sticky":false,"template":"","format":"standard","meta":{"_exactmetrics_skip_tracking":false,"_uf_show_specific_survey":0,"_uf_disable_surveys":false,"footnotes":""},"categories":[5],"tags":[],"class_list":["post-13167","post","type-post","status-publish","format-standard","hentry","category-blog"],"_links":{"self":[{"href":"http:\/\/rodolfomartino.com.br\/blog\/wp-json\/wp\/v2\/posts\/13167","targetHints":{"allow":["GET"]}}],"collection":[{"href":"http:\/\/rodolfomartino.com.br\/blog\/wp-json\/wp\/v2\/posts"}],"about":[{"href":"http:\/\/rodolfomartino.com.br\/blog\/wp-json\/wp\/v2\/types\/post"}],"author":[{"embeddable":true,"href":"http:\/\/rodolfomartino.com.br\/blog\/wp-json\/wp\/v2\/users\/1"}],"replies":[{"embeddable":true,"href":"http:\/\/rodolfomartino.com.br\/blog\/wp-json\/wp\/v2\/comments?post=13167"}],"version-history":[{"count":1,"href":"http:\/\/rodolfomartino.com.br\/blog\/wp-json\/wp\/v2\/posts\/13167\/revisions"}],"predecessor-version":[{"id":14878,"href":"http:\/\/rodolfomartino.com.br\/blog\/wp-json\/wp\/v2\/posts\/13167\/revisions\/14878"}],"wp:attachment":[{"href":"http:\/\/rodolfomartino.com.br\/blog\/wp-json\/wp\/v2\/media?parent=13167"}],"wp:term":[{"taxonomy":"category","embeddable":true,"href":"http:\/\/rodolfomartino.com.br\/blog\/wp-json\/wp\/v2\/categories?post=13167"},{"taxonomy":"post_tag","embeddable":true,"href":"http:\/\/rodolfomartino.com.br\/blog\/wp-json\/wp\/v2\/tags?post=13167"}],"curies":[{"name":"wp","href":"https:\/\/api.w.org\/{rel}","templated":true}]}}