{"id":13169,"date":"2015-08-23T00:00:00","date_gmt":"2015-08-23T00:00:00","guid":{"rendered":""},"modified":"2017-09-15T19:01:55","modified_gmt":"2017-09-15T19:01:55","slug":"resposta-ao-escova-sobre-o-post-de-ontem","status":"publish","type":"post","link":"http:\/\/rodolfomartino.com.br\/blog\/resposta-ao-escova-sobre-o-post-de-ontem\/","title":{"rendered":"Resposta ao Escova (sobre o post de ontem)"},"content":{"rendered":"<p>J\u00e1 cansei de dizer ao Escova que esse neg\u00f3cio de \u201combudsman\u201d saiu de moda, inclusive nos jornal\u00f5es \u2013 o que dizer ent\u00e3o de ele se arvorar a ser o respons\u00e1vel pela avalia\u00e7\u00e3o do meu humilde Blog?<\/p>\n<p>Mas, o que fazer se o amigo dos tempos idos, da velha reda\u00e7\u00e3o de piso assoalhado e grandes janel\u00f5es para a rua Bom Pastor, insiste em ser o porta voz das cr\u00edticas ao que escrevo. Diz que fala em nome dos meus am\u00e1veis, fi\u00e9is e resistentes cinco ou seis leitores, mas, sei n\u00e3o, acho que o malandro se pronuncia em nome dele mesmo.<\/p>\n<p>Aos amigos, tudo \u2013 diz\u00edamos l\u00e1 nos antigamentes.<\/p>\n<p>Com a palavra, pois, Escova, o ombudsman:<\/p>\n<p>\u201cVoc\u00ea foi muito seco no texto de ontem, sobre o Paulo Coelho. Limitou-se em dar a not\u00edcia, importante not\u00edcia (que o livro O Alquimista est\u00e1 h\u00e1 sete anos na lista dos mais vendidos do New York Times). Parece que ficou com medo de se posicionar. Que quis escapar do panela\u00e7o da \u201cpatrulha\u201d dos intelectuais que desprezam a obra do escritor brasileiro&#8230; O post merecia algo mais, digamos, pessoal. Afinal, o Blog serve para isso. Assim como a cr\u00f4nica nos jornais tinham (ser\u00e1 que ainda t\u00eam?) essa fun\u00e7\u00e3o de real\u00e7ar um olhar mais alongado, mais autoral, para determinado fato. Um aspecto que escapa \u00e0 frieza da reportagem sobre o mesmo assunto. <\/p>\n<p>Concorda?<\/p>\n<p>Concordo, claro. Como discordar de um amigo, t\u00e3o amigo e, sobretudo, interessado nas bobagens que escrevo.<\/p>\n<p>Tentarei responder a ele \u2013 e aos meus incautos leitores \u2013 da forma mais objetiva poss\u00edvel.<\/p>\n<p>Vamos l\u00e1, em forma de mo\u00e7\u00e3o a ser aprovada pelo distinto senhor Escova:<\/p>\n<p>\u201cConsiderando que se trata do mais renomado escritor brasileiro da atualidade,<\/p>\n<p>Considerando que sou admirador de Paulo Coelho desde os tempos em que ele era parceiro de Raul Seixas,<\/p>\n<p>Considerando que vejo muito preconceito nas cr\u00edticas que boa parte da m\u00eddia faz \u00e0 sua obra como escritor,<\/p>\n<p>Considerando, inclusive, que n\u00e3o mais se justifica esses aborrecidos coment\u00e1rios,<\/p>\n<p>Considerando que tenho muito dos seus livros,<\/p>\n<p>Considerando que o fato e o feito falam por si,<\/p>\n<p>Considerando isso tudo (e mais alguns quesitos que n\u00e3o estou com paci\u00eancia para relacionar)&#8230;<\/p>\n<p>&#8230; Achei desnecess\u00e1rio achei desnecess\u00e1rio tecer loas e proas ou emitir qualquer ju\u00edzo de valor e coment\u00e1rio sobre mais esta conquista do escritor, senhor Paulo Coelho.<\/p>\n<p>Reitero, amigo Escova, o feito e o fato falam por si.<\/p>\n<p>Espero que me entenda(m).&quot;<\/p>\n<p>II.<\/p>\n<p>Um adendo, se me permite(m) \u2013 e j\u00e1 que fui provocado, creio, posso me alongar mais um tantinho:<\/p>\n<p>Certa vez, em uma taverna nos confins da B\u00e9lgica, nos arredores de Bruges, se bem me lembro, entrei em uma taverna para molhar o bico e descansar o esqueleto da jornada do dia. Fui atendido por uma mo\u00e7oila que mal acabou de me servir o canec\u00e3o de cerveja, voltou para o seu canto no balc\u00e3o e se deixou entreter pela leitura da vers\u00e3o francesa de \u201cOnze Minutos\u201d, livro de Paulo Coelho que havia acabado de ser lan\u00e7ado em diversos pa\u00edses. Entre um atendimento e outro, ela mergulhava por inteiro na leitura, interessad\u00edssima. <\/p>\n<p>Fiquei observando a mo\u00e7a \u2013 e pensando que conquistar a aten\u00e7\u00e3o (e o carinho) de algu\u00e9m que vive em um lugar t\u00e3o distante, com uma cultura diferente, sonhos e anseios, idem, \u00e9 algo bem mais importante e vital do que ser reconhecido por este ou aquele suposto cr\u00edtico liter\u00e1rio.<\/p>\n<p>Desde ent\u00e3o \u2013 e creio que antes mesmo -, sinceramente, acho essas cr\u00edticas absolutamente sem sentido.<\/p>\n<p>O leitor, sim, \u00e9 a raz\u00e3o de vida de quem escreve&#8230;<\/p>\n","protected":false},"excerpt":{"rendered":"<p>J\u00e1 cansei de dizer ao Escova que esse neg\u00f3cio de \u201combudsman\u201d saiu de moda, inclusive nos jornal\u00f5es \u2013 o que dizer ent\u00e3o de ele se arvorar a ser o respons\u00e1vel pela avalia\u00e7\u00e3o do meu humilde Blog?<\/p>\n","protected":false},"author":1,"featured_media":0,"comment_status":"closed","ping_status":"open","sticky":false,"template":"","format":"standard","meta":{"_exactmetrics_skip_tracking":false,"_uf_show_specific_survey":0,"_uf_disable_surveys":false,"footnotes":""},"categories":[5],"tags":[],"class_list":["post-13169","post","type-post","status-publish","format-standard","hentry","category-blog"],"_links":{"self":[{"href":"http:\/\/rodolfomartino.com.br\/blog\/wp-json\/wp\/v2\/posts\/13169","targetHints":{"allow":["GET"]}}],"collection":[{"href":"http:\/\/rodolfomartino.com.br\/blog\/wp-json\/wp\/v2\/posts"}],"about":[{"href":"http:\/\/rodolfomartino.com.br\/blog\/wp-json\/wp\/v2\/types\/post"}],"author":[{"embeddable":true,"href":"http:\/\/rodolfomartino.com.br\/blog\/wp-json\/wp\/v2\/users\/1"}],"replies":[{"embeddable":true,"href":"http:\/\/rodolfomartino.com.br\/blog\/wp-json\/wp\/v2\/comments?post=13169"}],"version-history":[{"count":1,"href":"http:\/\/rodolfomartino.com.br\/blog\/wp-json\/wp\/v2\/posts\/13169\/revisions"}],"predecessor-version":[{"id":14876,"href":"http:\/\/rodolfomartino.com.br\/blog\/wp-json\/wp\/v2\/posts\/13169\/revisions\/14876"}],"wp:attachment":[{"href":"http:\/\/rodolfomartino.com.br\/blog\/wp-json\/wp\/v2\/media?parent=13169"}],"wp:term":[{"taxonomy":"category","embeddable":true,"href":"http:\/\/rodolfomartino.com.br\/blog\/wp-json\/wp\/v2\/categories?post=13169"},{"taxonomy":"post_tag","embeddable":true,"href":"http:\/\/rodolfomartino.com.br\/blog\/wp-json\/wp\/v2\/tags?post=13169"}],"curies":[{"name":"wp","href":"https:\/\/api.w.org\/{rel}","templated":true}]}}