{"id":13170,"date":"2015-08-24T00:00:00","date_gmt":"2015-08-24T00:00:00","guid":{"rendered":""},"modified":"2017-09-15T19:01:55","modified_gmt":"2017-09-15T19:01:55","slug":"marceleza-e-a-falta-dagua","status":"publish","type":"post","link":"http:\/\/rodolfomartino.com.br\/blog\/marceleza-e-a-falta-dagua\/","title":{"rendered":"Marceleza e a falta d\u00e1gua"},"content":{"rendered":"<p>L\u00e1 vem o Marceleza descendo a ladeira.<\/p>\n<p>Quem n\u00e3o o conhece que o compre.<\/p>\n<p>H\u00e1 tempos n\u00e3o via o amigo, a quem reputo o mais carioca dos paulistas. <\/p>\n<p>Justifico com um breve curr\u00edculo: o cara nasceu e m Caraguatatuba, foi criado no Rio de Janeiro, torce pelo Fluminense, tem um linguajar muito pr\u00f3prio, fala \u2018merm\u00e3o a cada cinco minutos, mora em um lugar incerto e n\u00e3o sabido no Vale do Para\u00edba, usa chap\u00e9u Panam\u00e1 e \u00e9 cheio de hist\u00f3rias.<\/p>\n<p>Reconhe\u00e7o que \u00e9 sempre uma divers\u00e3o encontr\u00e1-lo.<\/p>\n<p>Desta feita, o Marceleza se disse invocado com a falta de \u00e1gua que afeta o Estado. Para ele, foi um \u2018tremendo vacilo\u2019 das autoridades. O governador \u2018deveria ter chegado junto nos caras da Sabesp, que que h\u00e1?\u2019<\/p>\n<p>&#8211; E olha, merm\u00e3o, que o Geraldo (o governador Geraldo Alckmin) \u00e9 l\u00e1 do meu peda\u00e7o. Nasceu em Pinda (Pindamonhagaba) e n\u00e3o teve devido cuidado com a regi\u00e3o. O (rio) Para\u00edba t\u00e1 no osso, meu camarada.<\/p>\n<p>Aplaudo as preocupa\u00e7\u00f5es ambientais do amigo. <\/p>\n<p>&#8211; Meu querido, depois que a princesa Sophia e o J\u00fanior vieram alegrar os meus dias e os da patroa, minha batalha \u00e9 por um mundo melhor. <\/p>\n<p>Uau! Quem te viu e quem te v\u00ea? Temos ent\u00e3o um Marceleza na milit\u00e2ncia, quem diria?<\/p>\n<p>&#8211; Merm\u00e3o, voc\u00ea bem sabe que desde os tempos de estudante eu sou um cara engajado. Ainda rapazola fui candidato a vice-prefeito de Caragua. Nada disso \u00e9 novidade para mim. At\u00e9 porque tem uns caras sem-no\u00e7\u00e3o por a\u00ed que d\u00e1 at\u00e9 medo.<\/p>\n<p>II.<\/p>\n<p>O amigo me conta que veio a S\u00e3o Paulo, semanas atr\u00e1s, para conversar na Sabesp sobre a frequente falta de \u00e1gua que estava assolando a regi\u00e3o onde mora. Por ser uma apraz\u00edvel cidadezinha em meio \u00e0 Serra da Mantiqueira (ele nunca diz o nome do lugar onde mora e\/ou se esconde) \u201ce a represa do Funil est\u00e1 no osso do caro\u00e7o\u201d, houve ocasi\u00e3o em que os moradores ficaram quase uma semana sem \u00e1gua nas torneiras.  Um sufoco!!!<\/p>\n<p>O pessoal do governo lhe disse que \u201c\u00e9 um problema pontual\u201d. Mas, que est\u00e3o fazendo uma grande obra na regi\u00e3o. Em cinco anos, mais tardar, este problema ser\u00e1 superado.<\/p>\n<p>Meio que ressabiado, o Marceleza voltou para a sua aldeia, reuniu o pessoal na pra\u00e7a e, do palanque, informou a todos que tivessem paci\u00eancia e tal que o problema estava equacionado. N\u00e3o era o que imaginavam, mas em cinco ou seis anos mais tardar a falta de \u00e1gua seria uma coisa do passado.<\/p>\n<p>&#8211; Meus queridos, vamos continuar igual aos escoteiros; sempre atentos que a luta continua.<\/p>\n<p>III.<\/p>\n<p>Por uma dessas inexplic\u00e1veis coincid\u00eancias, os dias que se sucederam ao discurso do Marceleza foram \u201cde abund\u00e2ncia aqu\u00edfera\u201d nos lares da cidade. <\/p>\n<p>O pr\u00f3prio Marceleza se surpreendeu. Ser\u00e1 que estava com todo esse cartaz junto \u00e0s autoridades? Estava em um boteco, rodeado de \u2018par\u00e7as\u2019, quando resolveu botar uma banca e lembrar a hist\u00f3ria que esteve em S\u00e3o Paulo e falou na Sabesp e cousa e lousa e mariposa. <\/p>\n<p>No grupo, havia o Eust\u00e1quio, um gozador de of\u00edcio, que n\u00e3o perdoou a panca de \u201cotoridade\u201d que o Marceleza estava exibindo, depois do terceiro ou quarto chopes.<\/p>\n<p>&#8211; Sem essa, Marceleza. Voc\u00ea que anda muito distra\u00eddo. N\u00e3o disse que os caras iam resolver o problema em cinco ou seis anos? Pois ent\u00e3o&#8230; O tempo passou t\u00e3o depressa que voc\u00ea nem se deu conta&#8230;<\/p>\n<p>Eta, povo ingrato!<\/p>\n","protected":false},"excerpt":{"rendered":"<p>L\u00e1 vem o Marceleza descendo a ladeira.<\/p>\n<p>Quem n\u00e3o o conhece que o compre.<\/p>\n<p>H\u00e1 tempos n\u00e3o via o amigo, a quem reputo o mais carioca dos paulistas.<\/p>\n","protected":false},"author":1,"featured_media":0,"comment_status":"closed","ping_status":"open","sticky":false,"template":"","format":"standard","meta":{"_exactmetrics_skip_tracking":false,"_uf_show_specific_survey":0,"_uf_disable_surveys":false,"footnotes":""},"categories":[5],"tags":[],"class_list":["post-13170","post","type-post","status-publish","format-standard","hentry","category-blog"],"_links":{"self":[{"href":"http:\/\/rodolfomartino.com.br\/blog\/wp-json\/wp\/v2\/posts\/13170","targetHints":{"allow":["GET"]}}],"collection":[{"href":"http:\/\/rodolfomartino.com.br\/blog\/wp-json\/wp\/v2\/posts"}],"about":[{"href":"http:\/\/rodolfomartino.com.br\/blog\/wp-json\/wp\/v2\/types\/post"}],"author":[{"embeddable":true,"href":"http:\/\/rodolfomartino.com.br\/blog\/wp-json\/wp\/v2\/users\/1"}],"replies":[{"embeddable":true,"href":"http:\/\/rodolfomartino.com.br\/blog\/wp-json\/wp\/v2\/comments?post=13170"}],"version-history":[{"count":1,"href":"http:\/\/rodolfomartino.com.br\/blog\/wp-json\/wp\/v2\/posts\/13170\/revisions"}],"predecessor-version":[{"id":14875,"href":"http:\/\/rodolfomartino.com.br\/blog\/wp-json\/wp\/v2\/posts\/13170\/revisions\/14875"}],"wp:attachment":[{"href":"http:\/\/rodolfomartino.com.br\/blog\/wp-json\/wp\/v2\/media?parent=13170"}],"wp:term":[{"taxonomy":"category","embeddable":true,"href":"http:\/\/rodolfomartino.com.br\/blog\/wp-json\/wp\/v2\/categories?post=13170"},{"taxonomy":"post_tag","embeddable":true,"href":"http:\/\/rodolfomartino.com.br\/blog\/wp-json\/wp\/v2\/tags?post=13170"}],"curies":[{"name":"wp","href":"https:\/\/api.w.org\/{rel}","templated":true}]}}