{"id":13171,"date":"2015-08-25T00:00:00","date_gmt":"2015-08-25T00:00:00","guid":{"rendered":""},"modified":"2017-09-15T19:01:55","modified_gmt":"2017-09-15T19:01:55","slug":"gil-e-caetano-um-privilegio-ve-los","status":"publish","type":"post","link":"http:\/\/rodolfomartino.com.br\/blog\/gil-e-caetano-um-privilegio-ve-los\/","title":{"rendered":"Gil e Caetano. Um privil\u00e9gio v\u00ea-los&#8230;"},"content":{"rendered":"<p>\u201cTem tempo que \u00e9 de fogo!<br \/>\n Tem tempo que \u00e9 de \u00e1gua!\u201d<\/p>\n<p>Desconfio que nem sequer o pr\u00f3prio Gilberto Gil se lembre dessa frase dita por ele, em uma entrevista \u00e0 revista Bondinho, l\u00e1 nos idos de 70. Assim que chegou do ex\u00edlio de Londres. Era um Gil bem mais magro do que conhec\u00edamos dos tempos dos festivais. Vestia-se de branco, preservava o cavanhaque (se bem me lembro) e era cultor da macrobi\u00f3tica.<\/p>\n<p>Vivia uma fase zen.<\/p>\n<p>Era chegado \u00e0 medita\u00e7\u00e3o \u2013 e, se bem compreendi, queria dist\u00e2ncia das confus\u00f5es pol\u00edticas e ideol\u00f3gicas.<\/p>\n<p>Por isso, a figura de linguagem: o fogo e a \u00e1gua.<\/p>\n<p>Gil tinha por volta de 30 anos. Pouco mais, talvez.<\/p>\n<p>Falava como um s\u00e1bio senhor que \u2013 imaginava-se \u2013 havia vivido quase tudo na vida.<\/p>\n<p>No entanto, Gil estava apenas retomando uma carreira brilhante que se estende, com a mesma luminosidade, at\u00e9 os dias atuais.<\/p>\n<p>Gil e o amigo-irm\u00e3o Caetano est\u00e3o em temporada, agora pelo Brasil, com o show que comemora 50 anos de carreira \u2013 \u201cGil e Caetano \u2013 Um s\u00e9culo de M\u00fasica\u201d. No fim de semana, estiveram em S\u00e3o Paulo, com casa lotada nos quatro dias de apresenta\u00e7\u00e3o. <\/p>\n<p>Assisti ao show pela Multishow \u2013 a grana anda curta \u2013 e fiquei especialmente emocionado. A cada can\u00e7\u00e3o que interpretavam, vou lhes confessar, eu era tomado por lembran\u00e7as, sonhos sonhados e saudades.<\/p>\n<p>Fui (sou) um privilegiado. Acompanhei a carreira de ambos desde o comecinho. Lembro de Gil, sendo chamado ao palco, por Elis Regina e Jair Rodrigues para  cantar \u201cLouva\u00e7\u00e3o\u201d em O Fino da Bossa, programa da TV Record. Lembro tamb\u00e9m de Caetano, acompanhando a irm\u00e3 Beth\u00e2nia na aventura de invadir barbaramente o sulmaravilha, apresentando-se no show Opini\u00e3o.<\/p>\n<p>Mais tarde, como rep\u00f3rter, pude entrevist\u00e1-los algumas vezes.  Caetano \u00e9 o mais pol\u00eamico. Gil, simples e prolixo.<\/p>\n<p>Foram sess\u00f5es memor\u00e1veis para mim.<\/p>\n<p>N\u00e3o sei bem distinguir se andam hoje em um tempo de fogo ou de \u00e1gua. Para  mim, \u00e9 sempre um privil\u00e9gio v\u00ea-los cantar. Soube que em outubro voltam a Sampa. Desta vez, eu irei \u2013 e em um bom lugar. Vai valer o investimento&#8230;<\/p>\n","protected":false},"excerpt":{"rendered":"<p>\u201cTem tempo que \u00e9 de fogo!<br \/>\n Tem tempo que \u00e9 de \u00e1gua!\u201d<\/p>\n<p>Desconfio que nem sequer o pr\u00f3prio Gilberto Gil se lembre dessa frase dita por ele, em uma entrevista \u00e0 revista Bondinho,<\/p>\n","protected":false},"author":1,"featured_media":0,"comment_status":"closed","ping_status":"open","sticky":false,"template":"","format":"standard","meta":{"_exactmetrics_skip_tracking":false,"_uf_show_specific_survey":0,"_uf_disable_surveys":false,"footnotes":""},"categories":[5],"tags":[],"class_list":["post-13171","post","type-post","status-publish","format-standard","hentry","category-blog"],"_links":{"self":[{"href":"http:\/\/rodolfomartino.com.br\/blog\/wp-json\/wp\/v2\/posts\/13171","targetHints":{"allow":["GET"]}}],"collection":[{"href":"http:\/\/rodolfomartino.com.br\/blog\/wp-json\/wp\/v2\/posts"}],"about":[{"href":"http:\/\/rodolfomartino.com.br\/blog\/wp-json\/wp\/v2\/types\/post"}],"author":[{"embeddable":true,"href":"http:\/\/rodolfomartino.com.br\/blog\/wp-json\/wp\/v2\/users\/1"}],"replies":[{"embeddable":true,"href":"http:\/\/rodolfomartino.com.br\/blog\/wp-json\/wp\/v2\/comments?post=13171"}],"version-history":[{"count":1,"href":"http:\/\/rodolfomartino.com.br\/blog\/wp-json\/wp\/v2\/posts\/13171\/revisions"}],"predecessor-version":[{"id":14874,"href":"http:\/\/rodolfomartino.com.br\/blog\/wp-json\/wp\/v2\/posts\/13171\/revisions\/14874"}],"wp:attachment":[{"href":"http:\/\/rodolfomartino.com.br\/blog\/wp-json\/wp\/v2\/media?parent=13171"}],"wp:term":[{"taxonomy":"category","embeddable":true,"href":"http:\/\/rodolfomartino.com.br\/blog\/wp-json\/wp\/v2\/categories?post=13171"},{"taxonomy":"post_tag","embeddable":true,"href":"http:\/\/rodolfomartino.com.br\/blog\/wp-json\/wp\/v2\/tags?post=13171"}],"curies":[{"name":"wp","href":"https:\/\/api.w.org\/{rel}","templated":true}]}}