{"id":13172,"date":"2015-08-26T00:00:00","date_gmt":"2015-08-26T00:00:00","guid":{"rendered":""},"modified":"2017-09-15T19:01:55","modified_gmt":"2017-09-15T19:01:55","slug":"a-feira-dos-estudantes-e-o-jornalismo","status":"publish","type":"post","link":"http:\/\/rodolfomartino.com.br\/blog\/a-feira-dos-estudantes-e-o-jornalismo\/","title":{"rendered":"A Feira dos Estudantes e o Jornalismo"},"content":{"rendered":"<p>Participei, neste fim de semana, da Feira Guia dos Estudantes, realizada no Expo-Center Norte e dedicada a estudantes secundaristas que buscam informa\u00e7\u00f5es sobre carreiras e universidades. Um enxame de garotos e garotas, entre 16 e 18 anos, percorreu os stands das institui\u00e7\u00f5es de ensino de olho em seu futuro e no mercado profissional.<\/p>\n<p>No meu tempo (e p\u00f5e tempo nisso) havia iniciativas parecidas nos pr\u00f3prios col\u00e9gios (a chamada Feira Vocacional), mas nada t\u00e3o grandioso.<\/p>\n<p>Fui l\u00e1 pela Universidade Metodista para \u201cum plant\u00e3o tira-d\u00favidas\u201d sobre o curso e a carreira de jornalista.<\/p>\n<p>At\u00e9 que me surpreendi com a boa procura que a profiss\u00e3o ainda desperta nos jovens. O jornalismo, convenhamos, se n\u00e3o \u00e9 a profiss\u00e3o da moda ao menos preserva certo glamour. Ao que pude constatar, n\u00e3o exibe mais aquela pegada das antigas, de que o profissional de Imprensa deveria ser o formador da opini\u00e3o p\u00fablica, o paladino da justi\u00e7a social e cousa e lousa e mariposa.<\/p>\n<p>Me pareceu que a meninada, grosso modo, est\u00e1 mesmo interessada em dar seu recado (se for no mundo digital, melhor), aparecer na telinha e, n\u00e3o raras vezes, eles confundem jornalismo e entretenimento.<\/p>\n<p>Tiago Leifert foi o nome mais citado como modelo.<\/p>\n<p>Vale ressaltar, no entanto, que na idade deles \u00e9 absolutamente natural que haja essa confus\u00e3o. <\/p>\n<p>S\u00e3o muito, muito, jovens para essa decis\u00e3o.<\/p>\n<p>De outro modo, nossa fun\u00e7\u00e3o, como professor e jornalista, \u00e9 essa mesma: esclarecer os pontos de d\u00favida, mostrar os obst\u00e1culos (o jornalista, por exemplo, trabalha muito e ganha pouco) e os pontos positivos (\u00e9, sem d\u00favida, uma profiss\u00e3o apaixonante). <\/p>\n<p>Talvez o ponto principal da nossa fala\u00e7\u00e3o seja reiterar a import\u00e2ncia que essa molecada nunca abra m\u00e3o do pr\u00f3prio sonho e que inclua nesse sonhar cont\u00ednuo a proposta de constru\u00e7\u00e3o de um Brasil de todos os brasileiros, com solidariedade e justi\u00e7a social. E distante, muito distante, das afli\u00e7\u00f5es que hoje vivemos.<\/p>\n","protected":false},"excerpt":{"rendered":"<p>Participei, neste fim de semana, da Feira Guia dos Estudantes, realizada no Expo-Center Norte e dedicada a estudantes secundaristas que buscam informa\u00e7\u00f5es sobre carreiras e universidades. Um enxame de garotos e garotas,<\/p>\n","protected":false},"author":1,"featured_media":0,"comment_status":"closed","ping_status":"open","sticky":false,"template":"","format":"standard","meta":{"_exactmetrics_skip_tracking":false,"_uf_show_specific_survey":0,"_uf_disable_surveys":false,"footnotes":""},"categories":[5],"tags":[],"class_list":["post-13172","post","type-post","status-publish","format-standard","hentry","category-blog"],"_links":{"self":[{"href":"http:\/\/rodolfomartino.com.br\/blog\/wp-json\/wp\/v2\/posts\/13172","targetHints":{"allow":["GET"]}}],"collection":[{"href":"http:\/\/rodolfomartino.com.br\/blog\/wp-json\/wp\/v2\/posts"}],"about":[{"href":"http:\/\/rodolfomartino.com.br\/blog\/wp-json\/wp\/v2\/types\/post"}],"author":[{"embeddable":true,"href":"http:\/\/rodolfomartino.com.br\/blog\/wp-json\/wp\/v2\/users\/1"}],"replies":[{"embeddable":true,"href":"http:\/\/rodolfomartino.com.br\/blog\/wp-json\/wp\/v2\/comments?post=13172"}],"version-history":[{"count":1,"href":"http:\/\/rodolfomartino.com.br\/blog\/wp-json\/wp\/v2\/posts\/13172\/revisions"}],"predecessor-version":[{"id":14873,"href":"http:\/\/rodolfomartino.com.br\/blog\/wp-json\/wp\/v2\/posts\/13172\/revisions\/14873"}],"wp:attachment":[{"href":"http:\/\/rodolfomartino.com.br\/blog\/wp-json\/wp\/v2\/media?parent=13172"}],"wp:term":[{"taxonomy":"category","embeddable":true,"href":"http:\/\/rodolfomartino.com.br\/blog\/wp-json\/wp\/v2\/categories?post=13172"},{"taxonomy":"post_tag","embeddable":true,"href":"http:\/\/rodolfomartino.com.br\/blog\/wp-json\/wp\/v2\/tags?post=13172"}],"curies":[{"name":"wp","href":"https:\/\/api.w.org\/{rel}","templated":true}]}}