{"id":13187,"date":"2015-09-09T00:00:00","date_gmt":"2015-09-09T00:00:00","guid":{"rendered":""},"modified":"2017-09-15T19:01:54","modified_gmt":"2017-09-15T19:01:54","slug":"posfacio","status":"publish","type":"post","link":"http:\/\/rodolfomartino.com.br\/blog\/posfacio\/","title":{"rendered":"Posf\u00e1cio"},"content":{"rendered":"<p>Am\u00e1veis leitores, vou lhes dar sossego hoje com os meus causos e hist\u00f3rias.<\/p>\n<p>Penso que voc\u00eas merecem. Ao menos, aqueles mais fi\u00e9is que, corajosa e pacientemente, acompanharam a novela blogueira \u201cJeremias, o interventor\u201d que se alongou, neste espa\u00e7o, por 10 dias \u2013 e ontem (ufa!) terminou.<\/p>\n<p>Talvez seja o texto mais longo que aqui postei.<\/p>\n<p>Aproveito a folga para disponibilizar na se\u00e7\u00e3o Parangol\u00e9s do meu site a \u00edntegra da hist\u00f3ria \u2013 pouco mais de 24 mil caracteres. Atendo tamb\u00e9m a sugest\u00e3o do amigo Escova para trocar o nome deste modesto conto.<\/p>\n<p>Voc\u00ea vai encontr\u00e1-lo com o t\u00edtulo de:<\/p>\n<p>\u201cA Vida N\u00e3o Pede Licen\u00e7a\u201d<\/p>\n<p>Segundo avalia\u00e7\u00e3o do nosso ombudsman de plant\u00e3o, o Escova, o personagem-t\u00edtulo, o Jeremias, vulgo Jej\u00ea, foi perdendo o protagonismo ao longo das cenas e, \u201cpor fim, sua interven\u00e7\u00e3o n\u00e3o foi t\u00e3o decisiva assim\u201d.<\/p>\n<p>O t\u00edtulo deveria ser \u201cIgual a Tudo na Vida\u201d, insinuou Escova. Mas, parece que certo cineasta, um tal de Woody Allen, j\u00e1 fez uso desse nome para um filme antigo.<\/p>\n<p>&#8211; Ent\u00e3o, de todas as bobagens que voc\u00ea escreveu, pincei \u201cA Vida N\u00e3o Pede Licen\u00e7a\u201d que n\u00e3o deve ser de sua autoria, mas d\u00e1 algum sentido ao enredo.<\/p>\n<p>Como sempre fa\u00e7o, agradeci ao Escova (que acima de tudo \u00e9 meu amigo de longa data) e acrescentei que a frase eu \u201cpincei\u201d de um dos versos da can\u00e7\u00e3o \u201cJardim do Sil\u00eancio\u201d, do grande Paulinho Moska.<\/p>\n<p>Escova sorriu vitorioso, como quem diz para si pr\u00f3prio:<\/p>\n<p>\u201cEu sei das coisas\u201d.<\/p>\n<p>E, desconfio, que, mesmo exagerando nas lorotas, ele sabe mesmo&#8230;<\/p>\n","protected":false},"excerpt":{"rendered":"<p>Am\u00e1veis leitores, vou lhes dar sossego hoje com os meus causos e hist\u00f3rias.<\/p>\n<p>Penso que voc\u00eas merecem. Ao menos, aqueles mais fi\u00e9is que, corajosa e pacientemente, acompanharam a novela blogueira \u201cJeremias,<\/p>\n","protected":false},"author":1,"featured_media":0,"comment_status":"closed","ping_status":"open","sticky":false,"template":"","format":"standard","meta":{"_exactmetrics_skip_tracking":false,"_uf_show_specific_survey":0,"_uf_disable_surveys":false,"footnotes":""},"categories":[5],"tags":[],"class_list":["post-13187","post","type-post","status-publish","format-standard","hentry","category-blog"],"_links":{"self":[{"href":"http:\/\/rodolfomartino.com.br\/blog\/wp-json\/wp\/v2\/posts\/13187","targetHints":{"allow":["GET"]}}],"collection":[{"href":"http:\/\/rodolfomartino.com.br\/blog\/wp-json\/wp\/v2\/posts"}],"about":[{"href":"http:\/\/rodolfomartino.com.br\/blog\/wp-json\/wp\/v2\/types\/post"}],"author":[{"embeddable":true,"href":"http:\/\/rodolfomartino.com.br\/blog\/wp-json\/wp\/v2\/users\/1"}],"replies":[{"embeddable":true,"href":"http:\/\/rodolfomartino.com.br\/blog\/wp-json\/wp\/v2\/comments?post=13187"}],"version-history":[{"count":1,"href":"http:\/\/rodolfomartino.com.br\/blog\/wp-json\/wp\/v2\/posts\/13187\/revisions"}],"predecessor-version":[{"id":14859,"href":"http:\/\/rodolfomartino.com.br\/blog\/wp-json\/wp\/v2\/posts\/13187\/revisions\/14859"}],"wp:attachment":[{"href":"http:\/\/rodolfomartino.com.br\/blog\/wp-json\/wp\/v2\/media?parent=13187"}],"wp:term":[{"taxonomy":"category","embeddable":true,"href":"http:\/\/rodolfomartino.com.br\/blog\/wp-json\/wp\/v2\/categories?post=13187"},{"taxonomy":"post_tag","embeddable":true,"href":"http:\/\/rodolfomartino.com.br\/blog\/wp-json\/wp\/v2\/tags?post=13187"}],"curies":[{"name":"wp","href":"https:\/\/api.w.org\/{rel}","templated":true}]}}