{"id":13188,"date":"2015-09-10T00:00:00","date_gmt":"2015-09-10T00:00:00","guid":{"rendered":""},"modified":"2017-09-15T19:01:53","modified_gmt":"2017-09-15T19:01:53","slug":"eu-blogueiro","status":"publish","type":"post","link":"http:\/\/rodolfomartino.com.br\/blog\/eu-blogueiro\/","title":{"rendered":"Eu, blogueiro"},"content":{"rendered":"<p>Participei ontem \u00e0 noite do Premio Destaques que \u00e9 entregue aos melhores estudantes da \u00e1rea de Comunica\u00e7\u00e3o da Universidade Metodista de S\u00e3o Paulo. Este tradicional evento acontece todos os anos no Teatro Paulo Machado de Carvalho,   em S\u00e3o Caetano do Sul e contempla tamb\u00e9m alguns profissionais de renome, com alguma liga\u00e7\u00e3o com os cursos e com a institui\u00e7\u00e3o.<\/p>\n<p>O amigo e professor Paulo Rog\u00e9rio Tarsitano foi escolhido como o Profissional Destaque de 2015. Mais do que uma justa homenagem, um reconhecimento pelo trabalho que Tarsitano realizou ao longo de todos esses anos. A Faculdade de Comunica\u00e7\u00e3o da Universidade Metodista s\u00f3 \u00e9 o que \u00e9 (cinco vezes premiada como a melhor entre as escolas privadas, pelo Guia dos Estudantes) pelo car\u00e1ter empreendedor deste grande amigo.<\/p>\n<p>Vida que segue&#8230;<\/p>\n<p>N\u00e3o sei se meus cinco ou seis fi\u00e9is leitores sabem, mas participo da cerim\u00f4nia como coordenador do curso de Jornalismo, o que muito me honra.<\/p>\n<p>Ontem, aconteceu algo que me soou inusitado.<\/p>\n<p>Os mestres de cerim\u00f4nia me chamaram ao palco (para entregar certificados de Destaque aos estudantes de jornalismo) como coordenador do curso (at\u00e9 a\u00ed,  \u00f3bvio), professor (idem), jornalista (idem) e&#8230; blogueiro.<\/p>\n<p>Blogueiro?<\/p>\n<p>Eu?<\/p>\n<p>Pois \u00e9&#8230; <\/p>\n<p>Foi o que mais enfatizaram.<\/p>\n<p>E eu me encaminhei \u00e0 tribuna pensando em como caminha um blogueiro, qual a ginga, qual a postura em cena?<\/p>\n<p>Desconfio que nem eu mesmo me dera conta desta nova (?) tipifica\u00e7\u00e3o.  <\/p>\n<p>Fiquei imaginando o que diriam Escova e Poeta (mais o Escova do que o Poeta, para ser sincero), amigos daqueles idos tempos das m\u00e1quinas de escrever e da reda\u00e7\u00e3o de piso assoalhado e grandes janel\u00f5es para a rua Bom Pastor?<\/p>\n<p>Seria zoado, com certeza. <\/p>\n<p>Mas, l\u00e1 no fundinho, n\u00e3o \u00e9 pra me gabar, n\u00e3o, desconfio que gostariam de estar no meu lugar&#8230;<\/p>\n<p>De cronista de jornal sem jornal \u00e0 blogueiro, n\u00e3o sei se foi um avan\u00e7o, mas \u00e9 bem divertido, garanto.<\/p>\n<p>*Em tempo, o Blog completa 10 anos em 25 de setembro. Inesquec\u00edvel,<\/p>\n","protected":false},"excerpt":{"rendered":"<p>Participei ontem \u00e0 noite do Premio Destaques que \u00e9 entregue aos melhores estudantes da \u00e1rea de Comunica\u00e7\u00e3o da Universidade Metodista de S\u00e3o Paulo. Este tradicional evento acontece todos os anos no Teatro Paulo Machado de Carvalho,<\/p>\n","protected":false},"author":1,"featured_media":0,"comment_status":"closed","ping_status":"open","sticky":false,"template":"","format":"standard","meta":{"_exactmetrics_skip_tracking":false,"_uf_show_specific_survey":0,"_uf_disable_surveys":false,"footnotes":""},"categories":[5],"tags":[],"class_list":["post-13188","post","type-post","status-publish","format-standard","hentry","category-blog"],"_links":{"self":[{"href":"http:\/\/rodolfomartino.com.br\/blog\/wp-json\/wp\/v2\/posts\/13188","targetHints":{"allow":["GET"]}}],"collection":[{"href":"http:\/\/rodolfomartino.com.br\/blog\/wp-json\/wp\/v2\/posts"}],"about":[{"href":"http:\/\/rodolfomartino.com.br\/blog\/wp-json\/wp\/v2\/types\/post"}],"author":[{"embeddable":true,"href":"http:\/\/rodolfomartino.com.br\/blog\/wp-json\/wp\/v2\/users\/1"}],"replies":[{"embeddable":true,"href":"http:\/\/rodolfomartino.com.br\/blog\/wp-json\/wp\/v2\/comments?post=13188"}],"version-history":[{"count":1,"href":"http:\/\/rodolfomartino.com.br\/blog\/wp-json\/wp\/v2\/posts\/13188\/revisions"}],"predecessor-version":[{"id":14858,"href":"http:\/\/rodolfomartino.com.br\/blog\/wp-json\/wp\/v2\/posts\/13188\/revisions\/14858"}],"wp:attachment":[{"href":"http:\/\/rodolfomartino.com.br\/blog\/wp-json\/wp\/v2\/media?parent=13188"}],"wp:term":[{"taxonomy":"category","embeddable":true,"href":"http:\/\/rodolfomartino.com.br\/blog\/wp-json\/wp\/v2\/categories?post=13188"},{"taxonomy":"post_tag","embeddable":true,"href":"http:\/\/rodolfomartino.com.br\/blog\/wp-json\/wp\/v2\/tags?post=13188"}],"curies":[{"name":"wp","href":"https:\/\/api.w.org\/{rel}","templated":true}]}}