{"id":13190,"date":"2015-09-12T00:00:00","date_gmt":"2015-09-12T00:00:00","guid":{"rendered":""},"modified":"2017-09-15T19:01:53","modified_gmt":"2017-09-15T19:01:53","slug":"o-livro-do-erasmo","status":"publish","type":"post","link":"http:\/\/rodolfomartino.com.br\/blog\/o-livro-do-erasmo\/","title":{"rendered":"O livro do Erasmo"},"content":{"rendered":"<p>Tenho me divertido um bocado com a leitura de \u201cMinha Fama de Mau\u201d, que o cantor e compositor Erasmo Carlos lan\u00e7ou em meados de 2012 e que s\u00f3 agora caiu em minhas m\u00e3os. <\/p>\n<p>O livro tem sido meu parceiro nas horinhas de descuido que entremeiam a lida nossa dos \u00faltimos dias.<\/p>\n<p>N\u00e3o \u00e9 uma biografia, nem pretende al\u00e7ar voos liter\u00e1rios.<\/p>\n<p>Trata-se de um descontra\u00eddo relato de mem\u00f3rias e causos que est\u00e1 bem ao feitio do que gosto de ler.<\/p>\n<p>Al\u00e9m do que, Erasmo viveu um punhado de coisas (e cenas), em sua inf\u00e2ncia e adolesc\u00eancia, bem parecidas as que eu vivi l\u00e1 nos meus idos de garot\u00e3o.<\/p>\n<p>Ele, em meados dos anos 40 e 50 no Rio; e eu, entre os 50 e 60, em S\u00e3o Paulo.<\/p>\n<p>\u00c9ramos, cada qual a seu tempo e em seu lugar, moleques remediados, suburbanos, felizes \u00e0 nossa maneira e sonhadores.<\/p>\n<p>Claro que o Tremend\u00e3o levou uma bela vantagem sobre este humilde escriba. Primeiro, porque \u00e9 extraordinariamente mais talentoso; depois porque tinha amigos da grandeza de Tim Maia, Jorge \u2018Babulina\u2019 Ben e um certo Roberto Carlos.<\/p>\n<p>Todos esses, mais Simonal, Carlos Imperial, Jos\u00e9 Messias e outros tantos e tamanhos aparecem nas hist\u00f3rias \u2013 o que deixa o livro ainda mais interessante.<\/p>\n<p>Espero que os meus chegados, se por acaso lerem essas mal tra\u00e7adas, n\u00e3o se entriste\u00e7am, nem me levem a mal. N\u00e3o estou fazendo nenhum ju\u00edzo de valor, \u00e9 apenas uma constata\u00e7\u00e3o.<\/p>\n<p>Nenhum de n\u00f3s virou celebridade.<\/p>\n<p>E olhe que n\u00e3o faltou oportunidade!<\/p>\n<p>Foi por volta de 63\/64, houve um encontro de boa parte da nossa turma com Erasmo e Jerry Adriani.<\/p>\n<p>E nem lhes demos grande aten\u00e7\u00e3o. <\/p>\n<p>Verdade! <\/p>\n<p>Eles se apresentaram, numa tarde, no sal\u00e3o social do Col\u00e9gio Nossa Senhora da Gl\u00f3ria, munidos cada qual com seu viol\u00e3o e cantando seus sucessos de ent\u00e3o. Se bem me lembro, Jerry engatou duas ou tr\u00eas can\u00e7\u00f5es italianas, t\u00e3o em voga na \u00e9poca. Erasmo estava numa era pr\u00e9 Jovem Guarda, n\u00e3o havia sequer estourado com \u201cFesta de Arromba\u201d. Cantou, entre outras, \u201cPescaria\u201d e \u201cTerror dos Namorados\u201d.<\/p>\n<p>Eu achei divertido, mas o pessoal ficou na bronca.<\/p>\n<p>Como diz a m\u00fasica do Lulu Santos (que \u00e9 da minha gera\u00e7\u00e3o), os garotos da escola s\u00f3 estavam a fim de jogar bola. <\/p>\n<p>Tamb\u00e9m sonhava em ser um astro do futebol. Mas, semanas depois, pedi pro pai me comprar um viol\u00e3o&#8230;<\/p>\n","protected":false},"excerpt":{"rendered":"<p>Tenho me divertido um bocado com a leitura de \u201cMinha Fama de Mau\u201d, que o cantor e compositor Erasmo Carlos lan\u00e7ou em meados de 2012 e que s\u00f3 agora caiu em minhas m\u00e3os.<\/p>\n","protected":false},"author":1,"featured_media":0,"comment_status":"closed","ping_status":"open","sticky":false,"template":"","format":"standard","meta":{"_exactmetrics_skip_tracking":false,"_uf_show_specific_survey":0,"_uf_disable_surveys":false,"footnotes":""},"categories":[5],"tags":[],"class_list":["post-13190","post","type-post","status-publish","format-standard","hentry","category-blog"],"_links":{"self":[{"href":"http:\/\/rodolfomartino.com.br\/blog\/wp-json\/wp\/v2\/posts\/13190","targetHints":{"allow":["GET"]}}],"collection":[{"href":"http:\/\/rodolfomartino.com.br\/blog\/wp-json\/wp\/v2\/posts"}],"about":[{"href":"http:\/\/rodolfomartino.com.br\/blog\/wp-json\/wp\/v2\/types\/post"}],"author":[{"embeddable":true,"href":"http:\/\/rodolfomartino.com.br\/blog\/wp-json\/wp\/v2\/users\/1"}],"replies":[{"embeddable":true,"href":"http:\/\/rodolfomartino.com.br\/blog\/wp-json\/wp\/v2\/comments?post=13190"}],"version-history":[{"count":1,"href":"http:\/\/rodolfomartino.com.br\/blog\/wp-json\/wp\/v2\/posts\/13190\/revisions"}],"predecessor-version":[{"id":14856,"href":"http:\/\/rodolfomartino.com.br\/blog\/wp-json\/wp\/v2\/posts\/13190\/revisions\/14856"}],"wp:attachment":[{"href":"http:\/\/rodolfomartino.com.br\/blog\/wp-json\/wp\/v2\/media?parent=13190"}],"wp:term":[{"taxonomy":"category","embeddable":true,"href":"http:\/\/rodolfomartino.com.br\/blog\/wp-json\/wp\/v2\/categories?post=13190"},{"taxonomy":"post_tag","embeddable":true,"href":"http:\/\/rodolfomartino.com.br\/blog\/wp-json\/wp\/v2\/tags?post=13190"}],"curies":[{"name":"wp","href":"https:\/\/api.w.org\/{rel}","templated":true}]}}