{"id":13191,"date":"2015-09-13T00:00:00","date_gmt":"2015-09-13T00:00:00","guid":{"rendered":""},"modified":"2017-09-15T19:01:53","modified_gmt":"2017-09-15T19:01:53","slug":"alvaro-e-chiquinho","status":"publish","type":"post","link":"http:\/\/rodolfomartino.com.br\/blog\/alvaro-e-chiquinho\/","title":{"rendered":"\u00c1lvaro e Chiquinho"},"content":{"rendered":"<p>Caros,<\/p>\n<p>Tenho por dever fazer uma corre\u00e7\u00e3o ao que ontem aqui escrevi.<\/p>\n<p>Dois de meus pares, no Col\u00e9gio Nossa Senhora da Gl\u00f3ria, chegaram, sim, a al\u00e7ar voo mais ousados no mundo art\u00edstico. Foram eles: o \u00c1lvaro, um garoto rechonchudo, que fez parte do grupo musical Os Ca\u00e7ulas, e o Francisco de Paula Brand\u00e3o Bisneto que, mais tarde, desenvolveu uma carreira uma promissora carreira de ator com o nome art\u00edstico de Chiquinho Brand\u00e3o.<\/p>\n<p>Isto posto, retifico aqui o que ontem disse erroneamente.<\/p>\n<p>Havia, entre n\u00f3s, quem n\u00e3o pensasse unicamente em futebol e garotas.<\/p>\n<p>Prova irrefut\u00e1vel disso, os dois supra e abaixo citados.<\/p>\n<p>Os Ca\u00e7ulas, para quem n\u00e3o se lembra, era um grupo formado por garotos \u2013 Alvinho era um deles \u2013 e emplacou um megassucesso \u00e0 \u00e9poca: \u201cA Chuva Que Cai\u201d, uma vers\u00e3o que chegou a vender bem e figurar nas paradas de sucessos da \u00e9poca.  O grupo chegou a participar de alguns programas da Jovem Guarda, mas n\u00e3o chegou a emplacar um segundo hit.<\/p>\n<p>N\u00e3o tenho grandes lembran\u00e7as do Alvinho (pertencia a uma outra turma, creio) &#8211; e nunca mais soube dele.<\/p>\n<p>J\u00e1 Chiquinho era um amigo divertido, e talentoso.<\/p>\n<p>Assim que ganhei o viol\u00e3o (aquele que pedi ao meu pai, um humilde Gianini, comprado com muito suor pelo Ald\u00e3o), Chiquinho vinha \u00e0 minha casa na v\u00e3 tentativa de me ensinar alguns acordes. Eu andava desolado, minhas primeiras aulas com o instrumento foram desanimadoras.<\/p>\n<p>&#8211; Vou lhe ajudar, disse-me o amigo.<\/p>\n<p>S\u00f3 que o cara s\u00f3 tocava bossa nova. Tocava todos os classicos \u2013 \u201cGarota de Ipanema\u201d, \u201cPrimavera\u201d, \u201cSamba do Avi\u00e3o\u201d, \u201cGente\u201d, um repert\u00f3rio e tanto.<\/p>\n<p>Eu ficava deslumbrado em v\u00ea-lo dedilhar aquelas disson\u00e2ncias todas e, assim que ele ia embora, tentava reproduzir algumas das harmonias, mas sem grandes avan\u00e7os.<\/p>\n<p>Chiquinho saiu do Col\u00e9gio depois que discutiu \u2013 isso mesmo, discutiu \u2013 de igual para igual com o Irm\u00e3o Fid\u00e9lis n\u00e3o lembro bem qual foi o assunto.<\/p>\n<p>Naqueles tempos, questionar um professor era algo inimagin\u00e1vel.<\/p>\n<p>A ousadia lhe valeu o convite para deixar o col\u00e9gio.<\/p>\n<p>Soube depois que a fam\u00edlia tamb\u00e9m se mudaria de bairro \u2013 e nunca mais o vi.<\/p>\n<p>Quer dizer, s\u00f3 o vi na TV, anos e anos mais tarde, na figura do indom\u00e1vel Professor Poropop\u00f3.<\/p>\n<p>Chiquinho morreu em 1991, aos 38 anos, logo depois de participar da s\u00e9rie \u201cO Sorriso do Lagarto\u201d, na Globo.<\/p>\n","protected":false},"excerpt":{"rendered":"<p>Caros,<\/p>\n<p>Tenho por dever fazer uma corre\u00e7\u00e3o ao que ontem aqui escrevi.<\/p>\n<p>Dois de meus pares, no Col\u00e9gio Nossa Senhora da Gl\u00f3ria, chegaram, sim, a al\u00e7ar voo mais ousados no mundo art\u00edstico.<\/p>\n","protected":false},"author":1,"featured_media":0,"comment_status":"closed","ping_status":"open","sticky":false,"template":"","format":"standard","meta":{"_exactmetrics_skip_tracking":false,"_uf_show_specific_survey":0,"_uf_disable_surveys":false,"footnotes":""},"categories":[5],"tags":[],"class_list":["post-13191","post","type-post","status-publish","format-standard","hentry","category-blog"],"_links":{"self":[{"href":"http:\/\/rodolfomartino.com.br\/blog\/wp-json\/wp\/v2\/posts\/13191","targetHints":{"allow":["GET"]}}],"collection":[{"href":"http:\/\/rodolfomartino.com.br\/blog\/wp-json\/wp\/v2\/posts"}],"about":[{"href":"http:\/\/rodolfomartino.com.br\/blog\/wp-json\/wp\/v2\/types\/post"}],"author":[{"embeddable":true,"href":"http:\/\/rodolfomartino.com.br\/blog\/wp-json\/wp\/v2\/users\/1"}],"replies":[{"embeddable":true,"href":"http:\/\/rodolfomartino.com.br\/blog\/wp-json\/wp\/v2\/comments?post=13191"}],"version-history":[{"count":1,"href":"http:\/\/rodolfomartino.com.br\/blog\/wp-json\/wp\/v2\/posts\/13191\/revisions"}],"predecessor-version":[{"id":14855,"href":"http:\/\/rodolfomartino.com.br\/blog\/wp-json\/wp\/v2\/posts\/13191\/revisions\/14855"}],"wp:attachment":[{"href":"http:\/\/rodolfomartino.com.br\/blog\/wp-json\/wp\/v2\/media?parent=13191"}],"wp:term":[{"taxonomy":"category","embeddable":true,"href":"http:\/\/rodolfomartino.com.br\/blog\/wp-json\/wp\/v2\/categories?post=13191"},{"taxonomy":"post_tag","embeddable":true,"href":"http:\/\/rodolfomartino.com.br\/blog\/wp-json\/wp\/v2\/tags?post=13191"}],"curies":[{"name":"wp","href":"https:\/\/api.w.org\/{rel}","templated":true}]}}