{"id":13195,"date":"2015-09-17T00:00:00","date_gmt":"2015-09-17T00:00:00","guid":{"rendered":""},"modified":"2017-09-15T19:01:53","modified_gmt":"2017-09-15T19:01:53","slug":"um-teretete-sobre-rod-stewart","status":"publish","type":"post","link":"http:\/\/rodolfomartino.com.br\/blog\/um-teretete-sobre-rod-stewart\/","title":{"rendered":"Um teretet\u00ea sobre Rod Stewart"},"content":{"rendered":"<p>Meus amigos cinquent\u00f5es est\u00e3o empolgados com as apresenta\u00e7\u00f5es de Rod Stewart no Brasil.<\/p>\n<p>Outros mais assanhadinhos \u2013 e se achando o biscoito que resta no pacote \u2013 preparam-se para a maratona do Rock in Rio. <\/p>\n<p>O fim de semana promete.<\/p>\n<p>Como j\u00e1 virei os 6.0 e n\u00e3o sou chegado a essas aglomera\u00e7\u00f5es, me divirto com esse entusiasmo e, sempre que me \u00e9 dada a oportunidade, chamo a aten\u00e7\u00e3o da rapaziada (leia-se velhotes) para que segurem a onda porque, como me disse certa vez Gilberto Gil, \u201ctem tempo que \u00e9 de fogo, tem tempo que \u00e9 de \u00e1gua\u201d.<\/p>\n<p>Gil fazia um disco l\u00e1 pelos idos dos anos 80 \u2013 e abandonou o projeto em pleno andamento. N\u00e3o estava feliz com os resultados que vinha obtendo, as can\u00e7\u00f5es n\u00e3o lhe falavam mais intimamente, ele atravessava um momento pessoal controverso (terminara o casamento com Sandra (a Dr\u00e3o) e se apaixonara por Flora, e precisava de um tempo para refletir e absorver os novos tempos.<\/p>\n<p>S\u00f3 voltou aos est\u00fadios, meses depois, para gravar o not\u00e1vel \u201cUm Banda Um\u201d que reuniu, entre outras, \u201cDr\u00e3o\u201d, \u201cDeixar Voc\u00ea\u201d, \u201cAndar Com F\u00e9\u201d e \u201cEsot\u00e9rico\u201d.<\/p>\n<p>Valeu ou n\u00e3o valeu o tempo de estio?<\/p>\n<p>Conto essa hist\u00f3ria aos meus chegados, e em v\u00e3o espero a resposta para pergunta?<\/p>\n<p>Como ningu\u00e9m me responde, fa\u00e7o outras indaga\u00e7\u00f5es:<\/p>\n<p>&#8211; Est\u00e3o com seguro-sa\u00fade em dia?<\/p>\n<p>&#8211; Vai ter ambul\u00e2ncia pra todo mundo em caso de um piripaque generalizado?<\/p>\n<p>Tomei uma sonora vaia, fui amea\u00e7ado de linchamento \u2013 mas, n\u00e3o desisti de cutuc\u00e1\u2014los.<\/p>\n<p>&#8211; Ser\u00e1 que o caradura do Rod Stewart vai cantar \u201cDo You Tink I\u2019m Sexy\u201d que ele chupinhou descaradamente da m\u00fasica \u201cTaj Mahal\u201d, do Benjor?<\/p>\n<p>Olhares de indiferen\u00e7a e reprova\u00e7\u00e3o me deram o sinal de alerta de que estava passando dos limites.<\/p>\n<p>Algu\u00e9m me chama de estraga-prazer e chato.<\/p>\n<p>Concordo plenamente. Mas n\u00e3o deixo de cantarolar o refr\u00e3o que Stewart se apropriou indevidamente.<\/p>\n<p>\u201cTeteteretet\u00ea, teteteretet\u00ea, teteteretet\u00ea-t\u00eat\u00ea\u201d.<\/p>\n<p>Foi em meados dos anos 70, se n\u00e3o me engano, no disco \u201cSolta o Pav\u00e3o\u201d, produzido na Inglaterra. Benjor gravou \u201cTaj Mahal\u201d que originalmente era uma vers\u00e3o instrumental.<\/p>\n<p>S\u00f3 o refr\u00e3o era cantado.<\/p>\n<p>Anos depois, a melodia bejorniana servia de refr\u00e3o para o megasucesso do Stewart que, acusado de pl\u00e1gio e na imin\u00eancia de perder a causa, doou todos os direitos da can\u00e7\u00e3o para a Unicef \u2013 e assim o compositor brasileiro ficou na saudade.<\/p>\n<p>Vale dizer que o disco do gringo vendeu 4 milh\u00f5es de c\u00f3pias.<\/p>\n<p>E o Benjor, \u00f3, dan\u00e7ou legal.<\/p>\n<p>(&#8230;)<\/p>\n<p>Fiquei t\u00e3o embalado com as minhas considera\u00e7\u00f5es \u2013 como disse, me achando o tal e o qual -, e nem percebi que, \u00e0 francesa, o pessoal foi saindo um a um.<\/p>\n<p>S\u00f3 me restou o fiel Escova como interlocutor.<\/p>\n<p>Escova que, por sinal, diante do meu espanto, n\u00e3o deixou por menos. <\/p>\n<p>Chamou o gar\u00e7om e disse:<\/p>\n<p>&#8211; \u00d4 meu querido traz um churrasquinho com queijo rapidinho porque o meu amigo (que era eu), quando est\u00e1 com fome, fica insuport\u00e1vel.<\/p>\n","protected":false},"excerpt":{"rendered":"<p>Meus amigos cinquent\u00f5es est\u00e3o empolgados com as apresenta\u00e7\u00f5es de Rod Stewart no Brasil.<\/p>\n<p>Outros mais assanhadinhos \u2013 e se achando o biscoito que resta no pacote \u2013 preparam-se para a maratona do Rock in Rio.<\/p>\n","protected":false},"author":1,"featured_media":0,"comment_status":"closed","ping_status":"open","sticky":false,"template":"","format":"standard","meta":{"_exactmetrics_skip_tracking":false,"_uf_show_specific_survey":0,"_uf_disable_surveys":false,"footnotes":""},"categories":[5],"tags":[],"class_list":["post-13195","post","type-post","status-publish","format-standard","hentry","category-blog"],"_links":{"self":[{"href":"http:\/\/rodolfomartino.com.br\/blog\/wp-json\/wp\/v2\/posts\/13195","targetHints":{"allow":["GET"]}}],"collection":[{"href":"http:\/\/rodolfomartino.com.br\/blog\/wp-json\/wp\/v2\/posts"}],"about":[{"href":"http:\/\/rodolfomartino.com.br\/blog\/wp-json\/wp\/v2\/types\/post"}],"author":[{"embeddable":true,"href":"http:\/\/rodolfomartino.com.br\/blog\/wp-json\/wp\/v2\/users\/1"}],"replies":[{"embeddable":true,"href":"http:\/\/rodolfomartino.com.br\/blog\/wp-json\/wp\/v2\/comments?post=13195"}],"version-history":[{"count":1,"href":"http:\/\/rodolfomartino.com.br\/blog\/wp-json\/wp\/v2\/posts\/13195\/revisions"}],"predecessor-version":[{"id":14851,"href":"http:\/\/rodolfomartino.com.br\/blog\/wp-json\/wp\/v2\/posts\/13195\/revisions\/14851"}],"wp:attachment":[{"href":"http:\/\/rodolfomartino.com.br\/blog\/wp-json\/wp\/v2\/media?parent=13195"}],"wp:term":[{"taxonomy":"category","embeddable":true,"href":"http:\/\/rodolfomartino.com.br\/blog\/wp-json\/wp\/v2\/categories?post=13195"},{"taxonomy":"post_tag","embeddable":true,"href":"http:\/\/rodolfomartino.com.br\/blog\/wp-json\/wp\/v2\/tags?post=13195"}],"curies":[{"name":"wp","href":"https:\/\/api.w.org\/{rel}","templated":true}]}}