{"id":13196,"date":"2015-09-18T00:00:00","date_gmt":"2015-09-18T00:00:00","guid":{"rendered":""},"modified":"2017-09-15T19:01:53","modified_gmt":"2017-09-15T19:01:53","slug":"tarcisio-fagundes-e-plinio","status":"publish","type":"post","link":"http:\/\/rodolfomartino.com.br\/blog\/tarcisio-fagundes-e-plinio\/","title":{"rendered":"Tarc\u00edsio, Fagundes e Pl\u00ednio"},"content":{"rendered":"<p>Tr\u00eas grand\u00edssimas personalidades do teatro brasileiro merecem hoje o registro e a rever\u00eancia deste humilde blogueiro.<\/p>\n<p>Vamos a eles:<\/p>\n<p>1 \u2013 A volta ao palco do ator Tarc\u00edsio Meira ap\u00f3s consider\u00e1vel tempo de aus\u00eancia. Na virada dos 80, Tarc\u00edsio tem um desempenho tocante ao interpretar o personagem \u201cSir\u201d na montagem de \u201cO Camareiro\u201d, de Ronald Harwood. Est\u00e1 em S\u00e3o Paulo, no Teatro Porto Seguro. Trata-se de uma celebra\u00e7\u00e3o ao teatro e ao of\u00edcio de atuar.<\/p>\n<p>2 \u2013 Ant\u00f4nio Fagundes completa 50 anos de carreira em cena. No Teatro Tuca, com a pe\u00e7a \u201cTribos\u201d. Fagundes atua ao lado do filho Bruno e de outros 15 atores. Um dos atores mais festejado da dramaturgia brasileira \u2013 seja no teatro, na TV e no cinema \u2013 Fagundes tem uma trajet\u00f3ria que impressiona por tipos e estilos variados e de ampla aceita\u00e7\u00e3o popular. Entrevistei Fagundes no long\u00ednquo ano 2000, por ocasi\u00e3o encenava a pe\u00e7a \u201c\u00daltimas Luas\u201d, do italiano Furio Bordon. N\u00e3o esque\u00e7o uma de suas declara\u00e7\u00f5es: \u201cO teatro \u00e9 p\u00e1tria do ator\u201d.<\/p>\n<p>3 \u2013 Nesta semana, precisamente no dia 16, o saudoso Pl\u00ednio Marcos completaria 80 anos. Seguramente um dos mais expressivos nomes do teatro brasileiro, Pl\u00ednio desenvolveu uma obra, como autor, de indiscut\u00edvel for\u00e7a social e contund\u00eancia pol\u00edtica. Pl\u00ednio atuou tamb\u00e9m como ator (inesquec\u00edvel a parceria com Luiz Gustavo na novela \u201cBeto Rockfeller\u201d, foi cronista em jornais e revistas, roteirista e not\u00e1vel incentivador das manifesta\u00e7\u00f5es culturais genuinamente brasileiras. Foi perseguido pela ditadura (que lhe fechou muitas portas), mas nunca se calou. Morreu em 1999. <\/p>\n<p>* Em S\u00e3o Paulo haver\u00e1 mostras sobre autor neste fim de semana. Confiram o site (www.pliniomarcos.com.br). \u00c9 uma belezura!<\/p>\n","protected":false},"excerpt":{"rendered":"<p>Tr\u00eas grand\u00edssimas personalidades do teatro brasileiro merecem hoje o registro e a rever\u00eancia deste humilde blogueiro.<\/p>\n<p>Vamos a eles:<\/p>\n<p>1 \u2013 A volta ao palco do ator Tarc\u00edsio Meira ap\u00f3s consider\u00e1vel tempo de aus\u00eancia.<\/p>\n","protected":false},"author":1,"featured_media":0,"comment_status":"closed","ping_status":"open","sticky":false,"template":"","format":"standard","meta":{"_exactmetrics_skip_tracking":false,"_uf_show_specific_survey":0,"_uf_disable_surveys":false,"footnotes":""},"categories":[5],"tags":[],"class_list":["post-13196","post","type-post","status-publish","format-standard","hentry","category-blog"],"_links":{"self":[{"href":"http:\/\/rodolfomartino.com.br\/blog\/wp-json\/wp\/v2\/posts\/13196","targetHints":{"allow":["GET"]}}],"collection":[{"href":"http:\/\/rodolfomartino.com.br\/blog\/wp-json\/wp\/v2\/posts"}],"about":[{"href":"http:\/\/rodolfomartino.com.br\/blog\/wp-json\/wp\/v2\/types\/post"}],"author":[{"embeddable":true,"href":"http:\/\/rodolfomartino.com.br\/blog\/wp-json\/wp\/v2\/users\/1"}],"replies":[{"embeddable":true,"href":"http:\/\/rodolfomartino.com.br\/blog\/wp-json\/wp\/v2\/comments?post=13196"}],"version-history":[{"count":1,"href":"http:\/\/rodolfomartino.com.br\/blog\/wp-json\/wp\/v2\/posts\/13196\/revisions"}],"predecessor-version":[{"id":14850,"href":"http:\/\/rodolfomartino.com.br\/blog\/wp-json\/wp\/v2\/posts\/13196\/revisions\/14850"}],"wp:attachment":[{"href":"http:\/\/rodolfomartino.com.br\/blog\/wp-json\/wp\/v2\/media?parent=13196"}],"wp:term":[{"taxonomy":"category","embeddable":true,"href":"http:\/\/rodolfomartino.com.br\/blog\/wp-json\/wp\/v2\/categories?post=13196"},{"taxonomy":"post_tag","embeddable":true,"href":"http:\/\/rodolfomartino.com.br\/blog\/wp-json\/wp\/v2\/tags?post=13196"}],"curies":[{"name":"wp","href":"https:\/\/api.w.org\/{rel}","templated":true}]}}