{"id":13200,"date":"2015-09-22T00:00:00","date_gmt":"2015-09-22T00:00:00","guid":{"rendered":""},"modified":"2017-09-15T18:52:52","modified_gmt":"2017-09-15T18:52:52","slug":"nao-fui-e-nao-vou","status":"publish","type":"post","link":"http:\/\/rodolfomartino.com.br\/blog\/nao-fui-e-nao-vou\/","title":{"rendered":"N\u00e3o fui &#8211; e n\u00e3o vou&#8230;"},"content":{"rendered":"<p>O que penso sobre o Rock in Rio?<\/p>\n<p>N\u00e3o faz parte das minhas prioridades \u2013 respondo a seco e na lata ao internauta Marcelo que, jura, me l\u00ea todos os dias e, por alguns textos que publiquei, sabe o quanto gosto de m\u00fasica. Por isso, estranhou que quase nada escrevi sobre o palpitante assunto.<\/p>\n<p>Marcelo, meu prezado, n\u00e3o me queira mal. Sou um homem simples do Cambuci. Um senhor de idade avantajada que n\u00e3o tem a veleidade de ser protagonista disso ou daquilo, nem ditar normas e rotas. Quem me v\u00ea entende logo e \u00e9 capaz de garantir que sou \u201ctestemunha ocular da hist\u00f3ria\u201d. <\/p>\n<p>Um quase highlander.<\/p>\n<p>Defini\u00e7\u00e3o esta que, se n\u00e3o chega a me agradar, tamb\u00e9m em nada me incomoda.<\/p>\n<p>N\u00e3o fui destacado para a cobertura do primeiro evento, l\u00e1 no long\u00ednquo ano de 1985, talvez tenha pegado birra por isso. Na \u00e9poca, por algum motivo, que n\u00e3o lembro bem qual seja, n\u00e3o tive vontade, nem coragem, para me bandear at\u00e9 o Rio de Janeiro.<\/p>\n<p>N\u00e3o me arrependi.<\/p>\n<p>\u00c1guas passadas, enfim.<\/p>\n<p>D\u00e1 para imaginar que, se n\u00e3o fui quando tinha trinta e poucos, n\u00e3o seria agora, aos sessenta e muitos, que toparia o desafio.<\/p>\n<p>A princ\u00edpio e por princ\u00edpio, n\u00e3o gosto de muvuca, seja em que idioma for.<\/p>\n<p>(&#8230;)<\/p>\n<p>Para ser sincero com o am\u00e1vel leitor, registro que vi alguns lances do Rock in Rio deste ano, quando zapeava madrugada adentro nesse fim de semana. <\/p>\n<p>O canal Multishow fez a transmiss\u00e3o em tempo real. <\/p>\n<p>Demorei alguns minutos se tanto nas apresenta\u00e7\u00f5es do Elton John, do Rod Stewart e do Queen, com novo vocalista.<\/p>\n<p>N\u00e3o me vaiem, por favor. <\/p>\n<p>Mas, como dizem pela a\u00ed, tinha um gosto amargo de \u201cd\u00e9ja vu\u201d.<\/p>\n<p>O d\u00f3lar a 4 paus, bancar um cach\u00ea milion\u00e1rio para essa turma, entendo como uma das tantas quantas esquizofrenias do Brasil de hoje.<\/p>\n<p>Nostalgia por nostalgia, preferi um document\u00e1rio sobre Dominguinhos, que passou no Arte 1, creio, quase no mesmo hor\u00e1rio. Emocionante a interpreta\u00e7\u00e3o do saudoso m\u00fasico para uma de suas mais belas can\u00e7\u00f5es, \u201cDe Volta Para o Aconchego\u201d.<\/p>\n<p>Bem a prop\u00f3sito, ainda na madrugada comparando uma imagem a outra, me veio \u00e0 mente um fato da nossa hist\u00f3ria. Na era dos descobrimentos, quando os portugueses aqui chegaram, eles cativavam os \u00edndios com potes de lou\u00e7as, espelhos e aguardente e, em troca, \u2018usavam\u2019 nossas mulheres e carregavam nosso ouro e nossas riquezas naturais.<\/p>\n","protected":false},"excerpt":{"rendered":"<p>O que penso sobre o Rock in Rio?<\/p>\n<p>N\u00e3o faz parte das minhas prioridades \u2013 respondo a seco e na lata ao internauta Marcelo que, jura, me l\u00ea todos os dias e,<\/p>\n","protected":false},"author":1,"featured_media":0,"comment_status":"closed","ping_status":"open","sticky":false,"template":"","format":"standard","meta":{"_exactmetrics_skip_tracking":false,"_uf_show_specific_survey":0,"_uf_disable_surveys":false,"footnotes":""},"categories":[5],"tags":[],"class_list":["post-13200","post","type-post","status-publish","format-standard","hentry","category-blog"],"_links":{"self":[{"href":"http:\/\/rodolfomartino.com.br\/blog\/wp-json\/wp\/v2\/posts\/13200","targetHints":{"allow":["GET"]}}],"collection":[{"href":"http:\/\/rodolfomartino.com.br\/blog\/wp-json\/wp\/v2\/posts"}],"about":[{"href":"http:\/\/rodolfomartino.com.br\/blog\/wp-json\/wp\/v2\/types\/post"}],"author":[{"embeddable":true,"href":"http:\/\/rodolfomartino.com.br\/blog\/wp-json\/wp\/v2\/users\/1"}],"replies":[{"embeddable":true,"href":"http:\/\/rodolfomartino.com.br\/blog\/wp-json\/wp\/v2\/comments?post=13200"}],"version-history":[{"count":1,"href":"http:\/\/rodolfomartino.com.br\/blog\/wp-json\/wp\/v2\/posts\/13200\/revisions"}],"predecessor-version":[{"id":14846,"href":"http:\/\/rodolfomartino.com.br\/blog\/wp-json\/wp\/v2\/posts\/13200\/revisions\/14846"}],"wp:attachment":[{"href":"http:\/\/rodolfomartino.com.br\/blog\/wp-json\/wp\/v2\/media?parent=13200"}],"wp:term":[{"taxonomy":"category","embeddable":true,"href":"http:\/\/rodolfomartino.com.br\/blog\/wp-json\/wp\/v2\/categories?post=13200"},{"taxonomy":"post_tag","embeddable":true,"href":"http:\/\/rodolfomartino.com.br\/blog\/wp-json\/wp\/v2\/tags?post=13200"}],"curies":[{"name":"wp","href":"https:\/\/api.w.org\/{rel}","templated":true}]}}