{"id":13202,"date":"2015-09-24T00:00:00","date_gmt":"2015-09-24T00:00:00","guid":{"rendered":""},"modified":"2017-09-15T18:52:52","modified_gmt":"2017-09-15T18:52:52","slug":"reparos-ao-que-ontem-escrevi","status":"publish","type":"post","link":"http:\/\/rodolfomartino.com.br\/blog\/reparos-ao-que-ontem-escrevi\/","title":{"rendered":"Reparos ao que ontem escrevi&#8230;"},"content":{"rendered":"<p>O que seria deste humilde Blog se n\u00e3o fossem os amigos?<\/p>\n<p>O Fernando, vulgo Fefeu, leu minhas lam\u00farias (reclamei no post de ontem) sobre o esquecimento a que foi relegado, injustamente, o 70\u00ba anivers\u00e1rio de Gonzaguinha e me corrigiu:<\/p>\n<p>&#8211; Peral\u00e1 distinto colega de bancada, a Globo News n\u00e3o s\u00f3 apresentou um document\u00e1rio sobre ele como n\u00e3o para de reapresent\u00e1-lo, quase de hora em hora.<\/p>\n<p>Fefeu exagera, como de h\u00e1bito, mas desconfio que tenha raz\u00e3o (eu quase n\u00e3o assisto este canal, tenho l\u00e1 meus motivos).<\/p>\n<p>Outro par\u00e7a, o Escova, aquele que se auto-intitula ombudsman das nossas mal tra\u00e7adas aqui, bota outro reparo: o programa esportivo Cart\u00e3o Verde, na ter\u00e7a \u00e0 noite,  abriu os trabalhos usando como trilha sonora uma das can\u00e7\u00f5es de Gonzaguinha (que o desatento Escova n\u00e3o conseguiu identificar).<\/p>\n<p>Parabenizo a rapaziada do programa da TV Cultura pela iniciativa. Mesmo fora do contexto, a lembran\u00e7a foi bastante oportuna. Tudo a ver m\u00fasica e futebol. Duas manifesta\u00e7\u00f5es populares que mexem com a alma dos brasileiros assim como versos e can\u00e7\u00f5es de Gonzaguinha.<\/p>\n<p>Agrade\u00e7o \u00e0s gentis observa\u00e7\u00f5es dos dois car\u00edssimos amigos, mas acredito que, mesmo com essas refer\u00eancias, a Imprensa comeu essa bola e n\u00e3o destacou a data como efetivamente deveria ser destacada. <\/p>\n<p>Mudo de assunto, mas n\u00e3o tanto&#8230;<\/p>\n<p>De um modo mais espec\u00edfico, creio mesmo que esta fun\u00e7\u00e3o eminentemente jornal\u00edstica (de fazer a media\u00e7\u00e3o da vida em sociedade) perde for\u00e7a nas reda\u00e7\u00f5es (que amea\u00e7am desaparecer) e nos notici\u00e1rios (cada vez mais repletos de tititi).<\/p>\n<p>Antes l\u00edamos jornais e revistas para nos inteirarmos sobre o que acontecia no Pa\u00eds e no mundo, sobre os fatos mais relevantes, hoje a rapaziada fica absorta no seu mundinho retratado pelas redes sociais a partir do visor do seu iphone \u2013 e tudo o mais passa a ser desimportante.<\/p>\n<p>Jornal\u00f5es, revistas, portais, r\u00e1dio e TV todos correm atr\u00e1s do que bomba no mundo digital \u2013 e a\u00ed temos a confus\u00e3o generalizada do que \u00e9 ou n\u00e3o not\u00edcia, do que \u00e9 jornalismo e do que \u00e9 entretenimento, fofoca, bizarrice.<\/p>\n<p>A quem interessa quem \u00e9 a loira que jantou com Neymar noite dessas?  A priori, a ningu\u00e9m a n\u00e3o ser aos pr\u00f3prios, \u201cambos, os dois\u201d, como diz o Escova.<\/p>\n<p>No entanto, a fotinha fofa d\u00e1 n\u00e3o sei quantos wieus \u2013 e isso faz a alegria da tigrada da web. \u00c9 o que vale, \u00e9 o que importa.<\/p>\n<p>Para finalizar&#8230;<\/p>\n<p>Neste mund\u00e3o que se afoga em zilh\u00f5es de informa\u00e7\u00f5es, posts, imagens e del\u00edrios, o papel de mediador das demandas sociais ainda d\u00e1 r\u00e9gua e compasso para o bom jornalismo. Que, em ess\u00eancia, continua o mesmo embora hoje se espalhe por tantas e tamanhas plataformas.<\/p>\n<p>Um triste e emblem\u00e1tico exemplo, ressaltado em conversa com o querido amigo Jorge Tarquini: ainda recentemente o mundo s\u00f3 entendeu a dimens\u00e3o da trag\u00e9dia dos refugiados quando os jornais publicaram a tocante imagem de uma crian\u00e7a morta na praia.<\/p>\n<p>Milhares morreram tentando a travessia. <\/p>\n<p>Bastou uma foto para que se derrubassem preconceitos e fronteiras&#8230;<\/p>\n","protected":false},"excerpt":{"rendered":"<p>O que seria deste humilde Blog se n\u00e3o fossem os amigos?<\/p>\n<p>O Fernando, vulgo Fefeu, leu minhas lam\u00farias (reclamei no post de ontem) sobre o esquecimento a que foi relegado,<\/p>\n","protected":false},"author":1,"featured_media":0,"comment_status":"closed","ping_status":"open","sticky":false,"template":"","format":"standard","meta":{"_exactmetrics_skip_tracking":false,"_uf_show_specific_survey":0,"_uf_disable_surveys":false,"footnotes":""},"categories":[5],"tags":[],"class_list":["post-13202","post","type-post","status-publish","format-standard","hentry","category-blog"],"_links":{"self":[{"href":"http:\/\/rodolfomartino.com.br\/blog\/wp-json\/wp\/v2\/posts\/13202","targetHints":{"allow":["GET"]}}],"collection":[{"href":"http:\/\/rodolfomartino.com.br\/blog\/wp-json\/wp\/v2\/posts"}],"about":[{"href":"http:\/\/rodolfomartino.com.br\/blog\/wp-json\/wp\/v2\/types\/post"}],"author":[{"embeddable":true,"href":"http:\/\/rodolfomartino.com.br\/blog\/wp-json\/wp\/v2\/users\/1"}],"replies":[{"embeddable":true,"href":"http:\/\/rodolfomartino.com.br\/blog\/wp-json\/wp\/v2\/comments?post=13202"}],"version-history":[{"count":1,"href":"http:\/\/rodolfomartino.com.br\/blog\/wp-json\/wp\/v2\/posts\/13202\/revisions"}],"predecessor-version":[{"id":14844,"href":"http:\/\/rodolfomartino.com.br\/blog\/wp-json\/wp\/v2\/posts\/13202\/revisions\/14844"}],"wp:attachment":[{"href":"http:\/\/rodolfomartino.com.br\/blog\/wp-json\/wp\/v2\/media?parent=13202"}],"wp:term":[{"taxonomy":"category","embeddable":true,"href":"http:\/\/rodolfomartino.com.br\/blog\/wp-json\/wp\/v2\/categories?post=13202"},{"taxonomy":"post_tag","embeddable":true,"href":"http:\/\/rodolfomartino.com.br\/blog\/wp-json\/wp\/v2\/tags?post=13202"}],"curies":[{"name":"wp","href":"https:\/\/api.w.org\/{rel}","templated":true}]}}