{"id":13216,"date":"2015-10-08T00:00:00","date_gmt":"2015-10-08T00:00:00","guid":{"rendered":""},"modified":"2017-09-15T18:52:50","modified_gmt":"2017-09-15T18:52:50","slug":"ate","status":"publish","type":"post","link":"http:\/\/rodolfomartino.com.br\/blog\/ate\/","title":{"rendered":"At\u00e9&#8230;"},"content":{"rendered":"<p>No tempo da velha reda\u00e7\u00e3o de piso assoalhado e grandes janel\u00f5es para a rua Bom Pastor, toda quinta era assim: dia de fechamento do jornal (que circulava \u00e0s sextas) e eu vivia l\u00e1 meu drama e aventura. Como editor, acompanhar a dan\u00e7a das horas (e dos prazos), olhos atentos ao fluxo das p\u00e1ginas, uma a uma, a caminho da rotativa. Como colunista, pin\u00e7ar no notici\u00e1rio da semana o assunto mais relevante para que fosse base do meu texto.<\/p>\n<p>T\u00e3o aflitivo o desafio quanto bom.<\/p>\n<p>\u201cO jornalismo \u00e9 uma cacha\u00e7a\u201d, dizia o Marc\u00e3o, meu primeiro editor que, registre-se, gostava de ambos, sem primazias.<\/p>\n<p>De alguma forma, quase trinta anos nessa rotina, quando acordo, \u00e0s quintas, imagino viver um dia especial e que, mesmo com o ir-e-vir dos compromissos, tudo vai sair a contento.<\/p>\n<p>E, como naquela antiga can\u00e7\u00e3o do Peninha (\u201cSonhos\u201d, lembram?), ao fim dar o expediente, \u201ceu serei mais feliz\u201d.<\/p>\n<p>Seremos todos, proponho eu.<\/p>\n<p>Nesta quinta, tenho l\u00e1 minhas raz\u00f5es para esta assim, digamos, mais empolgado.<\/p>\n<p>O pessoal do Blog (ou seja, eu e eu e mais eu) vai lhes dar uns dias de folga. Pretende descansar um tantim, trabalhar outro punhadim em projetos que andam em atraso, viajar um bocadim  e volta assim que der e puder.<\/p>\n<p>Deixo, por\u00e9m, um momento de reflex\u00e3o de Rubem Braga, not\u00e1vel cronista e escritor brasileiro: <\/p>\n<p>\u201cSou um homem quieto, o que eu gosto \u00e9 ficar num banco sentado, entre moitas, calado, anoitecendo devagar, meio triste, lembrando umas coisas, umas coisas que nem valiam a pena lembrar.\u201d <\/p>\n<p>Especialmente hoje, estou me sentindo muito assim<\/p>\n<p>At\u00e9 a volta&#8230;<\/p>\n","protected":false},"excerpt":{"rendered":"<p>No tempo da velha reda\u00e7\u00e3o de piso assoalhado e grandes janel\u00f5es para a rua Bom Pastor, toda quinta era assim: dia de fechamento do jornal (que circulava \u00e0s sextas) e eu vivia l\u00e1 meu drama e aventura.<\/p>\n","protected":false},"author":1,"featured_media":0,"comment_status":"closed","ping_status":"open","sticky":false,"template":"","format":"standard","meta":{"_exactmetrics_skip_tracking":false,"_uf_show_specific_survey":0,"_uf_disable_surveys":false,"footnotes":""},"categories":[5],"tags":[],"class_list":["post-13216","post","type-post","status-publish","format-standard","hentry","category-blog"],"_links":{"self":[{"href":"http:\/\/rodolfomartino.com.br\/blog\/wp-json\/wp\/v2\/posts\/13216","targetHints":{"allow":["GET"]}}],"collection":[{"href":"http:\/\/rodolfomartino.com.br\/blog\/wp-json\/wp\/v2\/posts"}],"about":[{"href":"http:\/\/rodolfomartino.com.br\/blog\/wp-json\/wp\/v2\/types\/post"}],"author":[{"embeddable":true,"href":"http:\/\/rodolfomartino.com.br\/blog\/wp-json\/wp\/v2\/users\/1"}],"replies":[{"embeddable":true,"href":"http:\/\/rodolfomartino.com.br\/blog\/wp-json\/wp\/v2\/comments?post=13216"}],"version-history":[{"count":1,"href":"http:\/\/rodolfomartino.com.br\/blog\/wp-json\/wp\/v2\/posts\/13216\/revisions"}],"predecessor-version":[{"id":14831,"href":"http:\/\/rodolfomartino.com.br\/blog\/wp-json\/wp\/v2\/posts\/13216\/revisions\/14831"}],"wp:attachment":[{"href":"http:\/\/rodolfomartino.com.br\/blog\/wp-json\/wp\/v2\/media?parent=13216"}],"wp:term":[{"taxonomy":"category","embeddable":true,"href":"http:\/\/rodolfomartino.com.br\/blog\/wp-json\/wp\/v2\/categories?post=13216"},{"taxonomy":"post_tag","embeddable":true,"href":"http:\/\/rodolfomartino.com.br\/blog\/wp-json\/wp\/v2\/tags?post=13216"}],"curies":[{"name":"wp","href":"https:\/\/api.w.org\/{rel}","templated":true}]}}