{"id":13217,"date":"2015-10-21T00:00:00","date_gmt":"2015-10-21T00:00:00","guid":{"rendered":""},"modified":"2017-09-15T18:52:50","modified_gmt":"2017-09-15T18:52:50","slug":"miele-e-yona","status":"publish","type":"post","link":"http:\/\/rodolfomartino.com.br\/blog\/miele-e-yona\/","title":{"rendered":"Mi\u00e9le e Yon\u00e1"},"content":{"rendered":"<p>Retomo o nosso modesto blogar di\u00e1rio com o registro de duas not\u00edcias tristes que ocorreram no per\u00edodo em que estive ausente deste espa\u00e7o: as mortes de Mi\u00e9le e Yon\u00e1 Magalh\u00e3es, dois grandes nomes do cen\u00e1rio art\u00edstico cultural.<\/p>\n<p>Muito j\u00e1 se escreveu sobre eles por escribas mais bem capacitados que eu. Mas, fa\u00e7o quest\u00e3o do registro como forma de homenagem e saudade.<\/p>\n<p>Mi\u00e9le \u00e9 um desses casos \u00fanicos, raros, no showbiz brasileiro. Brincava nas sete, como os amigos gostavam de dizer: era produtor, apresentador, roteirista, cantava, dan\u00e7ava, representava , um grande e divertido contador de causos e hist\u00f3rias.<\/p>\n<p>Estava com 77 anos, acabara de escrever um livro autobiogr\u00e1fico e estava cheio de planos, como ficou evidenciado na \u00faltima entrevista que deu ao amigo J\u00f4 Soares dias antes de morrer.<\/p>\n<p>Yon\u00e1 foi um dos pilares da teledramaturgia brasileira, embora tivesse relevantes participa\u00e7\u00f5es no teatro e no cinema. Era uma mulher lind\u00edssima \u2013 talvez a mais bonita que vi ao vivo e em cores, mesmo no tempo em que s\u00f3 havia TV em preto e branco.<\/p>\n<p>Explico o causo.<\/p>\n<p>Naqueles idos dos anos 60, os jovens de ent\u00e3o \u2013 eu, entre eles \u2013 tinham a buc\u00f3lica mania de encerrar a noite com um caf\u00e9 nos bares do aeroporto de Congonhas. <\/p>\n<p>N\u00e3o me perguntem o que nos motivava a tamanha aventura.<\/p>\n<p>N\u00e3o saberia lhes dizer.<\/p>\n<p>Mas, sei que em uma dessas venturosas jornadas a vimos. No esplendor de seus trinta e poucos anos. Morena, porte de rainha, deslumbrante, uma cena corriqueira, casual. Yon\u00e1 passou por n\u00f3s, e eu a admirei e n\u00e3o a esqueci.<\/p>\n","protected":false},"excerpt":{"rendered":"<p>Retomo o nosso modesto blogar di\u00e1rio com o registro de duas not\u00edcias tristes que ocorreram no per\u00edodo em que estive ausente deste espa\u00e7o: as mortes de Mi\u00e9le e Yon\u00e1 Magalh\u00e3es, dois grandes nomes do cen\u00e1rio art\u00edstico cultural.<\/p>\n","protected":false},"author":1,"featured_media":0,"comment_status":"closed","ping_status":"open","sticky":false,"template":"","format":"standard","meta":{"_exactmetrics_skip_tracking":false,"_uf_show_specific_survey":0,"_uf_disable_surveys":false,"footnotes":""},"categories":[5],"tags":[],"class_list":["post-13217","post","type-post","status-publish","format-standard","hentry","category-blog"],"_links":{"self":[{"href":"http:\/\/rodolfomartino.com.br\/blog\/wp-json\/wp\/v2\/posts\/13217","targetHints":{"allow":["GET"]}}],"collection":[{"href":"http:\/\/rodolfomartino.com.br\/blog\/wp-json\/wp\/v2\/posts"}],"about":[{"href":"http:\/\/rodolfomartino.com.br\/blog\/wp-json\/wp\/v2\/types\/post"}],"author":[{"embeddable":true,"href":"http:\/\/rodolfomartino.com.br\/blog\/wp-json\/wp\/v2\/users\/1"}],"replies":[{"embeddable":true,"href":"http:\/\/rodolfomartino.com.br\/blog\/wp-json\/wp\/v2\/comments?post=13217"}],"version-history":[{"count":1,"href":"http:\/\/rodolfomartino.com.br\/blog\/wp-json\/wp\/v2\/posts\/13217\/revisions"}],"predecessor-version":[{"id":14830,"href":"http:\/\/rodolfomartino.com.br\/blog\/wp-json\/wp\/v2\/posts\/13217\/revisions\/14830"}],"wp:attachment":[{"href":"http:\/\/rodolfomartino.com.br\/blog\/wp-json\/wp\/v2\/media?parent=13217"}],"wp:term":[{"taxonomy":"category","embeddable":true,"href":"http:\/\/rodolfomartino.com.br\/blog\/wp-json\/wp\/v2\/categories?post=13217"},{"taxonomy":"post_tag","embeddable":true,"href":"http:\/\/rodolfomartino.com.br\/blog\/wp-json\/wp\/v2\/tags?post=13217"}],"curies":[{"name":"wp","href":"https:\/\/api.w.org\/{rel}","templated":true}]}}