{"id":13219,"date":"2015-10-23T00:00:00","date_gmt":"2015-10-23T00:00:00","guid":{"rendered":""},"modified":"2017-09-15T18:52:50","modified_gmt":"2017-09-15T18:52:50","slug":"pele-primeiro-e-unico","status":"publish","type":"post","link":"http:\/\/rodolfomartino.com.br\/blog\/pele-primeiro-e-unico\/","title":{"rendered":"Pel\u00e9, primeiro e \u00fanico"},"content":{"rendered":"<p>O pai dizia que Mazzola (o nosso Jos\u00e9 Altafini) era o melhor de todos. Mas, tinha l\u00e1 suas d\u00favidas. Um amigo italiano do Velho Aldo (que ainda era jovem naquele tempo) defendia que o bom mesmo era o Valentino Mazzola, do Torino da It\u00e1lia, que conquistara duas vezes o scudetto pelo clube da Lombardia e, de resto, inspirara o apelido do goleador palmeirense. Por ser loirinho e bom de bola.<\/p>\n<p>Tio Toninho n\u00e3o concordava. Zizinho era o melhor de todos. N\u00e3o era convicto na opini\u00e3o, pois havia dias em que se referia a Le\u00f4nidas da Silva, o Diamante Negro, como o maioral. O tio era s\u00e3o-paulino, \u00f3bvio. <\/p>\n<p>Seu Sime\u00e3o, corintiano de poucas palavras, pai dos meus amigos Claudinho e Tonico, n\u00e3o queria entrar em discuss\u00e3o. Para ele, Luizinho e Claudio Crist\u00f3v\u00e3o Pinho e Baltazar, o Cabecinha de Ouro, eram imbat\u00edveis. Se bem que o Rafael Chiarelli era um craque refinado.<\/p>\n<p>O v\u00f4 Carlito, ciente das suas origens \u2013 nasceu em Cascatinha, no Rio de Janeiro -, falava de um certo Dida, do Flamengo , mas fazia quest\u00e3o de ressaltar outros candidatos a melhor de todos. Eram craques do passado como Arthur Friedenreich, Araken Patuska, Heleno de Freitas, entre outros tantos e tamanhos.<\/p>\n<p>A escolha era dif\u00edcil e variava de acordo com a simpatia e a torcida de cada um. At\u00e9 que na Copa do Mundo de 1958 apareceu aquele garoto franzino de 17 anos e o Brasil conquistou seu primeiro t\u00edtulo mundial. A partir de ent\u00e3o, fez a luz. Ou melhor, fez-se a hunanimidade.<\/p>\n<p>Pel\u00e9 era (e \u00e9) o Rei do Futebol.<\/p>\n<p>Na boa, sem querer fazer a apologia dos tempos idos e vividos, n\u00e3o h\u00e1 termo de compara\u00e7\u00e3o entre Pel\u00e9 e os que vieram depois. <\/p>\n<p>Todos sabemos dos seus feitos \u2013 e, ali\u00e1s, as reportagens que hoje, no dia de seu anivers\u00e1rio, rememoram seus 75 anos de vida comprovam bem a inating\u00edvel dimens\u00e3o de \u201cO Atleta do S\u00e9culo\u201d. De todos os s\u00e9culos&#8230;<\/p>\n<p>Parab\u00e9ns, Edson Arantes do Nascimento. Pel\u00e9, primeiro e \u00fanico.<\/p>\n","protected":false},"excerpt":{"rendered":"<p>O pai dizia que Mazzola (o nosso Jos\u00e9 Altafini) era o melhor de todos. Mas, tinha l\u00e1 suas d\u00favidas. Um amigo italiano do Velho Aldo (que ainda era jovem naquele tempo) defendia que o bom mesmo era o Valentino Mazzola,<\/p>\n","protected":false},"author":1,"featured_media":0,"comment_status":"closed","ping_status":"open","sticky":false,"template":"","format":"standard","meta":{"_exactmetrics_skip_tracking":false,"_uf_show_specific_survey":0,"_uf_disable_surveys":false,"footnotes":""},"categories":[5],"tags":[],"class_list":["post-13219","post","type-post","status-publish","format-standard","hentry","category-blog"],"_links":{"self":[{"href":"http:\/\/rodolfomartino.com.br\/blog\/wp-json\/wp\/v2\/posts\/13219","targetHints":{"allow":["GET"]}}],"collection":[{"href":"http:\/\/rodolfomartino.com.br\/blog\/wp-json\/wp\/v2\/posts"}],"about":[{"href":"http:\/\/rodolfomartino.com.br\/blog\/wp-json\/wp\/v2\/types\/post"}],"author":[{"embeddable":true,"href":"http:\/\/rodolfomartino.com.br\/blog\/wp-json\/wp\/v2\/users\/1"}],"replies":[{"embeddable":true,"href":"http:\/\/rodolfomartino.com.br\/blog\/wp-json\/wp\/v2\/comments?post=13219"}],"version-history":[{"count":1,"href":"http:\/\/rodolfomartino.com.br\/blog\/wp-json\/wp\/v2\/posts\/13219\/revisions"}],"predecessor-version":[{"id":14828,"href":"http:\/\/rodolfomartino.com.br\/blog\/wp-json\/wp\/v2\/posts\/13219\/revisions\/14828"}],"wp:attachment":[{"href":"http:\/\/rodolfomartino.com.br\/blog\/wp-json\/wp\/v2\/media?parent=13219"}],"wp:term":[{"taxonomy":"category","embeddable":true,"href":"http:\/\/rodolfomartino.com.br\/blog\/wp-json\/wp\/v2\/categories?post=13219"},{"taxonomy":"post_tag","embeddable":true,"href":"http:\/\/rodolfomartino.com.br\/blog\/wp-json\/wp\/v2\/tags?post=13219"}],"curies":[{"name":"wp","href":"https:\/\/api.w.org\/{rel}","templated":true}]}}