{"id":13223,"date":"2015-10-27T00:00:00","date_gmt":"2015-10-27T00:00:00","guid":{"rendered":""},"modified":"2017-09-15T18:51:45","modified_gmt":"2017-09-15T18:51:45","slug":"na-praia-da-armacao-2","status":"publish","type":"post","link":"http:\/\/rodolfomartino.com.br\/blog\/na-praia-da-armacao-2\/","title":{"rendered":"Na Praia da Arma\u00e7\u00e3o&#8230; (2)"},"content":{"rendered":"<p>(Continuando a conversa de ontem&#8230;)<\/p>\n<p>Estou para lhes dizer, amigos leitores, que quem ouviu as explica\u00e7\u00f5es do pai para amainar a decep\u00e7\u00e3o do garoto tamb\u00e9m se entristeceu em solidariedade ao justo desejo de Jo\u00e3o Pedro, a quem, a bem da verdade, sequer conheciam.<\/p>\n<p>N\u00e3o h\u00e1 nada mais triste do que ver uma crian\u00e7a triste,<\/p>\n<p>Felizmente durou pouco esse \u201cclim\u00e3o\u201d e o sil\u00eancio.<\/p>\n<p>Ouviu-se um grito \u2013 e logo em seguida se deu o alvoro\u00e7o, todos correram em dire\u00e7\u00e3o ao p\u00eder.<\/p>\n<p>&#8211; Olha eles l\u00e1, pr\u00f3ximos aos barcos.<\/p>\n<p>Eles quem, cara p\u00e1lida? \u2013 ainda respondi em meio \u00e0 muvuca.<\/p>\n<p>&#8211; Os golfinhos, ora&#8230; \u2013 algu\u00e9m respondeu.<\/p>\n<p>L\u00e1 estavam dois bich\u00f5es, taludos, de dorso escuro, dando voltas e piruetas ao redor das embarca\u00e7\u00f5es ancoradas. Pareciam gostar de exibirem-se aos olhos do pequeno grupo de turistas.<\/p>\n<p>Rapidamente, o pai-her\u00f3i colocou Jo\u00e3o Pedro nos ombros para que ele acompanhasse o inesperado espet\u00e1culo que durou alguns minutos e muitos \u201c\u00f3\u00f3\u00f3\u00f3\u00f3s\u201d at\u00e9 que os dois ca\u00edssem fora, mar adentro.<\/p>\n<p>&#8211; T\u00e1 vendo, filho, t\u00e1 vendo? Os golfinhos vieram lhe ver \u2013 dizia o pai mais do que feliz.<\/p>\n<p>Jo\u00e3o Pedro ria como se acabara de viver um conto fant\u00e1stico. Acreditava piamente que fora ele o motivo daquela inesperada visita e de tantas perip\u00e9cias.<\/p>\n<p>Tamb\u00e9m nos sentimos agraciados com o show que acab\u00e1vamos de assistir. Os moradores do lugar comentavam que, vez em quando, quando em vez, os \u2018pimp\u00f5es\u2019 aparecem por ali e \u201c\u00e9 uma farra\u201d.<\/p>\n<p>&#8211; P\u00f5e farra nisso \u2013 comemorou o pai do garoto.<\/p>\n<p>Na verdade, comemor\u00e1vamos todos. At\u00e9 porque, naqueles precisos instantes, de alguma forma, todos n\u00f3s, independente de idade, revivemos gloriosamente o menino sonhador que um dia fomos.<\/p>\n","protected":false},"excerpt":{"rendered":"<p>(Continuando a conversa de ontem&#8230;)<\/p>\n<p>Estou para lhes dizer, amigos leitores, que quem ouviu as explica\u00e7\u00f5es do pai para amainar a decep\u00e7\u00e3o do garoto tamb\u00e9m se entristeceu em solidariedade ao justo desejo de Jo\u00e3o Pedro,<\/p>\n","protected":false},"author":1,"featured_media":0,"comment_status":"closed","ping_status":"open","sticky":false,"template":"","format":"standard","meta":{"_exactmetrics_skip_tracking":false,"_uf_show_specific_survey":0,"_uf_disable_surveys":false,"footnotes":""},"categories":[5],"tags":[],"class_list":["post-13223","post","type-post","status-publish","format-standard","hentry","category-blog"],"_links":{"self":[{"href":"http:\/\/rodolfomartino.com.br\/blog\/wp-json\/wp\/v2\/posts\/13223","targetHints":{"allow":["GET"]}}],"collection":[{"href":"http:\/\/rodolfomartino.com.br\/blog\/wp-json\/wp\/v2\/posts"}],"about":[{"href":"http:\/\/rodolfomartino.com.br\/blog\/wp-json\/wp\/v2\/types\/post"}],"author":[{"embeddable":true,"href":"http:\/\/rodolfomartino.com.br\/blog\/wp-json\/wp\/v2\/users\/1"}],"replies":[{"embeddable":true,"href":"http:\/\/rodolfomartino.com.br\/blog\/wp-json\/wp\/v2\/comments?post=13223"}],"version-history":[{"count":1,"href":"http:\/\/rodolfomartino.com.br\/blog\/wp-json\/wp\/v2\/posts\/13223\/revisions"}],"predecessor-version":[{"id":14824,"href":"http:\/\/rodolfomartino.com.br\/blog\/wp-json\/wp\/v2\/posts\/13223\/revisions\/14824"}],"wp:attachment":[{"href":"http:\/\/rodolfomartino.com.br\/blog\/wp-json\/wp\/v2\/media?parent=13223"}],"wp:term":[{"taxonomy":"category","embeddable":true,"href":"http:\/\/rodolfomartino.com.br\/blog\/wp-json\/wp\/v2\/categories?post=13223"},{"taxonomy":"post_tag","embeddable":true,"href":"http:\/\/rodolfomartino.com.br\/blog\/wp-json\/wp\/v2\/tags?post=13223"}],"curies":[{"name":"wp","href":"https:\/\/api.w.org\/{rel}","templated":true}]}}