{"id":13225,"date":"2015-10-29T00:00:00","date_gmt":"2015-10-29T00:00:00","guid":{"rendered":""},"modified":"2017-09-15T18:51:45","modified_gmt":"2017-09-15T18:51:45","slug":"e-pra-la-que-eu-vou","status":"publish","type":"post","link":"http:\/\/rodolfomartino.com.br\/blog\/e-pra-la-que-eu-vou\/","title":{"rendered":"\u00c9 pra l\u00e1 que eu vou&#8230;"},"content":{"rendered":"<p>Fica para amanh\u00e3 o que hoje deveria ser dito.<\/p>\n<p>N\u00e3o \u00e9 por nada, n\u00e3o.<\/p>\n<p>\u00c9 mero expediente do blogueiro para antecipar, em horinhas, o feriado prolongado que se aproxima.<\/p>\n<p>Por outro lado, precisa ele (o blogueiro) se restabelecer das tens\u00f5es de ontem, no Allianz Parque, que felizmente tiveram final feliz. Para n\u00f3s, palmeirenses.<\/p>\n<p>Curte uma leve ressaca.<\/p>\n<p>Que foi sofrido foi&#8230;<\/p>\n<p>Vale at\u00e9 uma reflex\u00e3o.<\/p>\n<p>N\u00e3o sei nem mesmo se o tal tem idade para tamanho descontrole.<\/p>\n<p>Cora\u00e7\u00e3o escapulindo pela boca, sobressaltos, e emo\u00e7\u00f5es imprevistas. Um salve-se quem puder!!!<\/p>\n<p>O futebol deixou de ser uma grande brincadeira, uma competi\u00e7\u00e3o l\u00fadica, descompromissada. <\/p>\n<p>Decide-se, dentro e fora das quatro linhas, um \u2018tudo ou nada\u2019 existencial que nos (a mim e a ele, blogueiro) escapa \u00e0 compreens\u00e3o.<\/p>\n<p>Antes era pura divers\u00e3o, torcer hoje \u00e9 algo pr\u00f3ximo \u00e0 catarse.  Na vit\u00f3ria, e na derrota.<\/p>\n<p>Ali\u00e1s, o palmeirense conhece bem esse looping.<\/p>\n<p>Ano passado, nessa \u00e9poca do ano, faz\u00edamos as contas para escapar \u00e0 amea\u00e7a da segundona.  Neste ano, o novo time chega \u00e0 segunda final de um torneio, alternando altos e baixos. Absurdamente desproporcionais.<\/p>\n<p>Nunca se sabe o que pode acontecer.<\/p>\n<p>Enfim&#8230;<\/p>\n<p>Para quem amea\u00e7ou dizer apenas um \u2018ol\u00e1\u2019 e sair de cena, penso que estiquei demais nossa conversa.<\/p>\n<p>Sou mesmo um falastr\u00e3o.<\/p>\n<p>Hora de dizer, at\u00e9 breve.<\/p>\n<p>Pois, pensando bem, se tudo der certo, pego a estrada ainda hoje.<\/p>\n<p>Preciso me recuperar. Nada como um c\u00e9u azul, por tr\u00e1s da silhueta das montanhas da Serra da Bocaina.<\/p>\n<p>\u00c9 pra l\u00e1 que eu vou.<\/p>\n<p>Tchau!<\/p>\n","protected":false},"excerpt":{"rendered":"<p>Fica para amanh\u00e3 o que hoje deveria ser dito.<\/p>\n<p>N\u00e3o \u00e9 por nada, n\u00e3o.<\/p>\n<p>\u00c9 mero expediente do blogueiro para antecipar, em horinhas, o feriado prolongado que se aproxima.<\/p>\n","protected":false},"author":1,"featured_media":0,"comment_status":"closed","ping_status":"open","sticky":false,"template":"","format":"standard","meta":{"_exactmetrics_skip_tracking":false,"_uf_show_specific_survey":0,"_uf_disable_surveys":false,"footnotes":""},"categories":[5],"tags":[],"class_list":["post-13225","post","type-post","status-publish","format-standard","hentry","category-blog"],"_links":{"self":[{"href":"http:\/\/rodolfomartino.com.br\/blog\/wp-json\/wp\/v2\/posts\/13225","targetHints":{"allow":["GET"]}}],"collection":[{"href":"http:\/\/rodolfomartino.com.br\/blog\/wp-json\/wp\/v2\/posts"}],"about":[{"href":"http:\/\/rodolfomartino.com.br\/blog\/wp-json\/wp\/v2\/types\/post"}],"author":[{"embeddable":true,"href":"http:\/\/rodolfomartino.com.br\/blog\/wp-json\/wp\/v2\/users\/1"}],"replies":[{"embeddable":true,"href":"http:\/\/rodolfomartino.com.br\/blog\/wp-json\/wp\/v2\/comments?post=13225"}],"version-history":[{"count":1,"href":"http:\/\/rodolfomartino.com.br\/blog\/wp-json\/wp\/v2\/posts\/13225\/revisions"}],"predecessor-version":[{"id":14822,"href":"http:\/\/rodolfomartino.com.br\/blog\/wp-json\/wp\/v2\/posts\/13225\/revisions\/14822"}],"wp:attachment":[{"href":"http:\/\/rodolfomartino.com.br\/blog\/wp-json\/wp\/v2\/media?parent=13225"}],"wp:term":[{"taxonomy":"category","embeddable":true,"href":"http:\/\/rodolfomartino.com.br\/blog\/wp-json\/wp\/v2\/categories?post=13225"},{"taxonomy":"post_tag","embeddable":true,"href":"http:\/\/rodolfomartino.com.br\/blog\/wp-json\/wp\/v2\/tags?post=13225"}],"curies":[{"name":"wp","href":"https:\/\/api.w.org\/{rel}","templated":true}]}}