{"id":13226,"date":"2015-11-03T00:00:00","date_gmt":"2015-11-03T00:00:00","guid":{"rendered":""},"modified":"2017-09-15T18:51:45","modified_gmt":"2017-09-15T18:51:45","slug":"se-a-moda-pega","status":"publish","type":"post","link":"http:\/\/rodolfomartino.com.br\/blog\/se-a-moda-pega\/","title":{"rendered":"Se a moda pega&#8230;"},"content":{"rendered":"<p>Vejo no Jornal da Globo de ontem, apresentado pela estreante Renata Lo Prete, uma reportagem sobre o desinteresse dos jovens japoneses sobre a necessidade de ser \u201cum feliz propriet\u00e1rio de um autom\u00f3vel\u201d. As montadoras japoneses, de amplo sucesso em todo mundo, preocupam-se  com o novo comportamento \u2013 e correm atr\u00e1s de novos projetos para atrair a aten\u00e7\u00e3o deste p\u00fablico que, queiram ou n\u00e3o os mais antiguinhos, tem mudado a cara do mundo.<\/p>\n<p>Ali\u00e1s, a mat\u00e9ria jornal\u00edstica mostrou que n\u00e3o ser\u00e1 f\u00e1cil ter sucesso na empreitada. A meninada, ao menos no Jap\u00e3o, prefere viajar, curtir com os amigos, divertir-se , do que investir suas economias em um possante por mais mirabolante que seja.<\/p>\n<p>N\u00e3o existe mais aquele fasc\u00ednio que outrora edulcorava a compra do primeiro carro \u2013 o tal sonho de consumo, objeto de desejo, que, por anos a fio, ocupou o imagin\u00e1rio de novinhos e n\u00e3o t\u00e3o novinhos.<\/p>\n<p>Entre os entrevistados, houve quem demonstrasse total indiferen\u00e7a. \u201cTer um autom\u00f3vel n\u00e3o \u00e9 mais s\u00edmbolo de status social, como acontecia no tempo dos meus pais\u201d.<\/p>\n<p>&#8211; Hoje se preciso de um carro, eu alugo.<\/p>\n<p>Simples assim.<\/p>\n<p>&#8211; O carro \u00e9 s\u00f3 um meio de transporte.<\/p>\n<p>\u00c9 certo que estamos falando do Jap\u00e3o, um pa\u00eds desenvolvido, de propor\u00e7\u00f5es geogr\u00e1ficas menores, com educa\u00e7\u00e3o em alta, onde tudo funciona, especialmente o sistema de transporte.<\/p>\n<p>Mas, modestamente, penso que seria importante que todos caminh\u00e1ssemos nesse sentido.<\/p>\n<p>Se a moda pega, o Planeta agradeceria. E as futuras gera\u00e7\u00f5es tamb\u00e9m&#8230;<\/p>\n","protected":false},"excerpt":{"rendered":"<p>Vejo no Jornal da Globo de ontem, apresentado pela estreante Renata Lo Prete, uma reportagem sobre o desinteresse dos jovens japoneses sobre a necessidade de ser \u201cum feliz propriet\u00e1rio de um autom\u00f3vel\u201d.<\/p>\n","protected":false},"author":1,"featured_media":0,"comment_status":"closed","ping_status":"open","sticky":false,"template":"","format":"standard","meta":{"_exactmetrics_skip_tracking":false,"_uf_show_specific_survey":0,"_uf_disable_surveys":false,"footnotes":""},"categories":[5],"tags":[],"class_list":["post-13226","post","type-post","status-publish","format-standard","hentry","category-blog"],"_links":{"self":[{"href":"http:\/\/rodolfomartino.com.br\/blog\/wp-json\/wp\/v2\/posts\/13226","targetHints":{"allow":["GET"]}}],"collection":[{"href":"http:\/\/rodolfomartino.com.br\/blog\/wp-json\/wp\/v2\/posts"}],"about":[{"href":"http:\/\/rodolfomartino.com.br\/blog\/wp-json\/wp\/v2\/types\/post"}],"author":[{"embeddable":true,"href":"http:\/\/rodolfomartino.com.br\/blog\/wp-json\/wp\/v2\/users\/1"}],"replies":[{"embeddable":true,"href":"http:\/\/rodolfomartino.com.br\/blog\/wp-json\/wp\/v2\/comments?post=13226"}],"version-history":[{"count":1,"href":"http:\/\/rodolfomartino.com.br\/blog\/wp-json\/wp\/v2\/posts\/13226\/revisions"}],"predecessor-version":[{"id":14821,"href":"http:\/\/rodolfomartino.com.br\/blog\/wp-json\/wp\/v2\/posts\/13226\/revisions\/14821"}],"wp:attachment":[{"href":"http:\/\/rodolfomartino.com.br\/blog\/wp-json\/wp\/v2\/media?parent=13226"}],"wp:term":[{"taxonomy":"category","embeddable":true,"href":"http:\/\/rodolfomartino.com.br\/blog\/wp-json\/wp\/v2\/categories?post=13226"},{"taxonomy":"post_tag","embeddable":true,"href":"http:\/\/rodolfomartino.com.br\/blog\/wp-json\/wp\/v2\/tags?post=13226"}],"curies":[{"name":"wp","href":"https:\/\/api.w.org\/{rel}","templated":true}]}}