{"id":24356,"date":"2020-10-12T11:14:01","date_gmt":"2020-10-12T11:14:01","guid":{"rendered":"http:\/\/rodolfomartino.com.br\/blog\/?p=24356"},"modified":"2020-10-12T14:15:34","modified_gmt":"2020-10-12T14:15:34","slug":"maezinha-de-aparecida","status":"publish","type":"post","link":"http:\/\/rodolfomartino.com.br\/blog\/maezinha-de-aparecida\/","title":{"rendered":"M\u00e3ezinha de Aparecida"},"content":{"rendered":"<p><em>Foto: Eduardo Saraiva\/ A2IMG (12\/10\/2015)<\/em><\/p>\n<p>&#8230;<\/p>\n<p>M\u00e3ezinha de Aparecida,<\/p>\n<p>Generosa m\u00e3e de todos n\u00f3s, rogai por n\u00f3s<\/p>\n<p>Que tanto e tanto precisamos de v\u00f3s<\/p>\n<p>Do vosso amparo<\/p>\n<p>De vossa luz<\/p>\n<p>De vossa orienta\u00e7\u00e3o e prote\u00e7\u00e3o<\/p>\n<p>Para que possamos seguir sempre no caminho de Deus<\/p>\n<p>Da verdade,<\/p>\n<p>Da justi\u00e7a,<\/p>\n<p>Do amor,<\/p>\n<p>Da fraternidade,<\/p>\n<p>Da uni\u00e3o,<\/p>\n<p>Da paz e<\/p>\n<p>Da felicidade plena para todos os homens.<\/p>\n<p>&#8230;<\/p>\n<p>Intercede por n\u00f3s,<\/p>\n<p>Por nossos filhos,<\/p>\n<p>Pelas pessoas que amamos<\/p>\n<p>Por aquelas que nos amam tamb\u00e9m.<\/p>\n<p>&#8230;<\/p>\n<p>Intercede por todos n\u00f3s<\/p>\n<p>Junto ao Deus Pai Todo Poderoso<\/p>\n<p>Ao Filho<\/p>\n<p>E ao Esp\u00edrito Santo.<\/p>\n<p>Intercede por n\u00f3s,<\/p>\n<p>Virgem M\u00e3e Maria,<\/p>\n<p>Aos anjos e a todos os santos.<\/p>\n<p>Intercede por n\u00f3s<\/p>\n<p>Renove nossa f\u00e9 a cada manh\u00e3<\/p>\n<p>Protege-nos de todos os males<\/p>\n<p>E aben\u00e7oa-nos sempre\u2026<\/p>\n<p>Am\u00e9m.<\/p>\n<p>&#8230;<\/p>\n<p>Neste 12 de outubro,<\/p>\n<p>M\u00e3ezinha,<\/p>\n<p>Generosa M\u00e3e,<\/p>\n<p>venho lhe pedir:<\/p>\n<p>D\u00ea consolo \u00e0s fam\u00edlias enlutadas<\/p>\n<p>Dos mais de 150 mil brasileiros<\/p>\n<p>E de todos, mundo afora,<\/p>\n<p>Que se foram nessa pandemia.<\/p>\n<p>Ampare e guarde essas almas<\/p>\n<p>Junto \u00e0 Luz Divina.<\/p>\n<p>&#8230;<\/p>\n<p>Que assim seja<\/p>\n<p>Generosa M\u00e3ezinha de Aparecida,<\/p>\n<p>Am\u00e9m. Am\u00e9m. Am\u00e9m.<\/p>\n<p>&#8230;<\/p>\n<p><iframe loading=\"lazy\" src=\"https:\/\/www.youtube.com\/embed\/gwPnG5Cc_7Q\" width=\"560\" height=\"315\" frameborder=\"0\" allowfullscreen=\"allowfullscreen\"><\/iframe><\/p>\n<p>&nbsp;<\/p>\n<p>&nbsp;<\/p>\n","protected":false},"excerpt":{"rendered":"<p><em>Foto: Eduardo Saraiva\/ A2IMG (12\/10\/2015)<\/em><\/p>\n<p>&#8230;<\/p>\n<p>M\u00e3ezinha de Aparecida,<\/p>\n<p>Generosa m\u00e3e de todos n\u00f3s, rogai por n\u00f3s<\/p>\n<p>Que tanto e tanto precisamos de v\u00f3s<\/p>\n<p>Do vosso amparo<\/p>\n<p>De vossa luz<\/p>\n<p>De vossa orienta\u00e7\u00e3o e prote\u00e7\u00e3o<\/p>\n<p>Para que possamos seguir sempre no caminho de Deus<\/p>\n<p>Da verdade,<\/p>\n","protected":false},"author":1,"featured_media":24358,"comment_status":"open","ping_status":"open","sticky":false,"template":"","format":"standard","meta":{"_exactmetrics_skip_tracking":false,"_uf_show_specific_survey":0,"_uf_disable_surveys":false,"footnotes":""},"categories":[5],"tags":[761,1644,1643,1072,1642],"class_list":["post-24356","post","type-post","status-publish","format-standard","has-post-thumbnail","hentry","category-blog","tag-12-de-outubro","tag-aparecida","tag-nossa-senhora","tag-oracao","tag-virgem"],"_links":{"self":[{"href":"http:\/\/rodolfomartino.com.br\/blog\/wp-json\/wp\/v2\/posts\/24356","targetHints":{"allow":["GET"]}}],"collection":[{"href":"http:\/\/rodolfomartino.com.br\/blog\/wp-json\/wp\/v2\/posts"}],"about":[{"href":"http:\/\/rodolfomartino.com.br\/blog\/wp-json\/wp\/v2\/types\/post"}],"author":[{"embeddable":true,"href":"http:\/\/rodolfomartino.com.br\/blog\/wp-json\/wp\/v2\/users\/1"}],"replies":[{"embeddable":true,"href":"http:\/\/rodolfomartino.com.br\/blog\/wp-json\/wp\/v2\/comments?post=24356"}],"version-history":[{"count":3,"href":"http:\/\/rodolfomartino.com.br\/blog\/wp-json\/wp\/v2\/posts\/24356\/revisions"}],"predecessor-version":[{"id":24361,"href":"http:\/\/rodolfomartino.com.br\/blog\/wp-json\/wp\/v2\/posts\/24356\/revisions\/24361"}],"wp:featuredmedia":[{"embeddable":true,"href":"http:\/\/rodolfomartino.com.br\/blog\/wp-json\/wp\/v2\/media\/24358"}],"wp:attachment":[{"href":"http:\/\/rodolfomartino.com.br\/blog\/wp-json\/wp\/v2\/media?parent=24356"}],"wp:term":[{"taxonomy":"category","embeddable":true,"href":"http:\/\/rodolfomartino.com.br\/blog\/wp-json\/wp\/v2\/categories?post=24356"},{"taxonomy":"post_tag","embeddable":true,"href":"http:\/\/rodolfomartino.com.br\/blog\/wp-json\/wp\/v2\/tags?post=24356"}],"curies":[{"name":"wp","href":"https:\/\/api.w.org\/{rel}","templated":true}]}}