{"id":24389,"date":"2020-10-14T06:15:33","date_gmt":"2020-10-14T06:15:33","guid":{"rendered":"http:\/\/rodolfomartino.com.br\/blog\/?p=24389"},"modified":"2020-10-14T12:25:35","modified_gmt":"2020-10-14T12:25:35","slug":"assim-era-vida-meus-caros","status":"publish","type":"post","link":"http:\/\/rodolfomartino.com.br\/blog\/assim-era-vida-meus-caros\/","title":{"rendered":"Assim era a vida, meus caros"},"content":{"rendered":"<p><em>Foto\/Reprodu\u00e7\u00e3o: Assis Chateaubriand na inaugura\u00e7\u00e3o da TV no Brasil. 18 de setembro de 1950\u00a0<\/em><\/p>\n<p>&#8230;<\/p>\n<p>S\u00e3o Paulo, amigos, era uma aldeia; pouco mais que isso.<\/p>\n<p>Voc\u00eas podem at\u00e9 n\u00e3o acreditar. Mas, as pessoas conversavam entre si. Davam bom dia quando se viam pela manh\u00e3 e boa noite ao recolher as cadeiras das cal\u00e7adas quando entravam para dormir o sono dos justos.<\/p>\n<p>O r\u00e1dio era o libertador elo com o mundo. As can\u00e7\u00f5es predominavam, mas tamb\u00e9m havia as novelas radiof\u00f4nicas, o notici\u00e1rio, o futebol e, vez ou outra, a luta de boxe dos campe\u00f5es.<\/p>\n<p>Nas ruas de paralelep\u00edpedos, as luzes nos postes tinham um tom amarelado, o s\u00e9pio das fotografias antigas (que se guardavam em \u00e1lbuns com capa de couro ou mesmo caixas de sapatos), e l\u00e1 pelas onze da noite, era inevit\u00e1vel, ouvia-se o ru\u00eddo do \u00faltimo bonde na derradeira viagem daquela jornada.<\/p>\n<p>Desconfio que t\u00ednhamos uma vida mais harmoniosa.<\/p>\n<p>Um velho samba de Ataulfo entoava o verso que sab\u00edamos de cor, mas n\u00e3o o entend\u00edamos em toda sua magnitude:<\/p>\n<p>\u201cEu era feliz e n\u00e3o sabia.\u201d<\/p>\n<p>\u2026<\/p>\n<p>Assim era a vida, meus caros, antes da chegada da TV nos lares brasileiros.<\/p>\n<p>TV que, neste aloprado 2020, quem diria!, completou 70 anos agora em setembro &#8211; eu ainda vou fazer, em dezembro.<\/p>\n<p>Talvez por isso o amigo Nascimento J\u00fanior me pediu, ainda em meados do dito m\u00eas de setembro, para registrar no Blog minhas impress\u00f5es sobre a chegada da TV aos setentinha.<\/p>\n<p>O J\u00fanior tem proced\u00eancia no assunto.<\/p>\n<p>\u00c9 filho de um saudoso amigo_irm\u00e3o_mestre, o J. Nascimento, que foi produtor nos \u00e1ureos tempos da TV Record, parceiro do not\u00e1vel apresentador Blota J\u00fanior e chamava S\u00f4nia Ribeiro de comadre.<\/p>\n<p>Trabalhei com Nasci na velha reda\u00e7\u00e3o de piso assoalhado e grandes janel\u00f5es para rua Bom Pastor.<\/p>\n<p>Foi um aprendizado \u2013 e uma honra.<\/p>\n<p>\u2026<\/p>\n<p>Portanto, amigos, n\u00e3o tenho como fugir ao compromisso.<\/p>\n<p>Mesmo com indesculp\u00e1vel atraso, farei uma breve retrospectiva da minha trajet\u00f3ria diante da telinha a partir de hoje e at\u00e9 domingo.<\/p>\n<p>Espero que gostem\u2026<\/p>\n<p>&#8230;<\/p>\n<p>Posso dizer, e me permitam a hip\u00e9rbole, que crescemos juntos, a TV e eu.<\/p>\n<p>Em alguns momentos fomos c\u00famplices nos devaneios que ela propunha \u2013 e eu embarcava na maior. A Jovem Guarda, a Era dos Festivais, a transmiss\u00e3o ao vivo da Copa de 70, enfim\u2026<\/p>\n<p>Em outros momentos, nos distanc\u00edamos. Um tanto manipuladora, a nossa eletr\u00f4nica Caixa de Pandora.<\/p>\n<p>Hoje em dia, diria que temos cordatas rela\u00e7\u00f5es. Vejo o futebolzinho de sempre, um ou outro document\u00e1rio, mas prefiro mesmo os filmes; preferencialmente os antigos.<\/p>\n<p>Recordar \u00e9 viver, diz outro samba.<\/p>\n<p>Enfim, conto com voc\u00eas para mais essa viagem ao t\u00fanel do tempo.<\/p>\n<p>\u2026<\/p>\n<p>Minha primeira postagem vai para aquele que considero o mais divertido momento\u2026<\/p>\n<p>Adivinhem qual?<\/p>\n<p><iframe loading=\"lazy\" src=\"https:\/\/www.youtube.com\/embed\/_WMroySbPxs\" width=\"560\" height=\"315\" frameborder=\"0\" allowfullscreen=\"allowfullscreen\"><\/iframe><\/p>\n<p><em>A \u00edntegra do epis\u00f3dio<a href=\"https:\/\/youtu.be\/yf_3nsnN75o\"><strong> AQUI<\/strong><\/a><\/em><\/p>\n<p><em>Participa\u00e7\u00e3o: Ronald Golias, J\u00f4 Soares, Otello Zeloni, Renata Fronzi, Ricardo Corte Real e Pel\u00e9.<\/em><\/p>\n<p>&#8230;<\/p>\n<p>&nbsp;<\/p>\n","protected":false},"excerpt":{"rendered":"<p><em>Foto\/Reprodu\u00e7\u00e3o: Assis Chateaubriand na inaugura\u00e7\u00e3o da TV no Brasil. 18 de setembro de 1950\u00a0<\/em><\/p>\n<p>&#8230;<\/p>\n<p>S\u00e3o Paulo, amigos, era uma aldeia; pouco mais que isso.<\/p>\n","protected":false},"author":1,"featured_media":24391,"comment_status":"open","ping_status":"open","sticky":false,"template":"","format":"standard","meta":{"_exactmetrics_skip_tracking":false,"_uf_show_specific_survey":0,"_uf_disable_surveys":false,"footnotes":""},"categories":[5],"tags":[1650,1648,1649,147,1647,1651],"class_list":["post-24389","post","type-post","status-publish","format-standard","has-post-thumbnail","hentry","category-blog","tag-70-anos-da-tv-no-brasil","tag-familia-trapo","tag-jo-soares","tag-pele","tag-ronald-golias","tag-tv-record"],"_links":{"self":[{"href":"http:\/\/rodolfomartino.com.br\/blog\/wp-json\/wp\/v2\/posts\/24389","targetHints":{"allow":["GET"]}}],"collection":[{"href":"http:\/\/rodolfomartino.com.br\/blog\/wp-json\/wp\/v2\/posts"}],"about":[{"href":"http:\/\/rodolfomartino.com.br\/blog\/wp-json\/wp\/v2\/types\/post"}],"author":[{"embeddable":true,"href":"http:\/\/rodolfomartino.com.br\/blog\/wp-json\/wp\/v2\/users\/1"}],"replies":[{"embeddable":true,"href":"http:\/\/rodolfomartino.com.br\/blog\/wp-json\/wp\/v2\/comments?post=24389"}],"version-history":[{"count":7,"href":"http:\/\/rodolfomartino.com.br\/blog\/wp-json\/wp\/v2\/posts\/24389\/revisions"}],"predecessor-version":[{"id":24397,"href":"http:\/\/rodolfomartino.com.br\/blog\/wp-json\/wp\/v2\/posts\/24389\/revisions\/24397"}],"wp:featuredmedia":[{"embeddable":true,"href":"http:\/\/rodolfomartino.com.br\/blog\/wp-json\/wp\/v2\/media\/24391"}],"wp:attachment":[{"href":"http:\/\/rodolfomartino.com.br\/blog\/wp-json\/wp\/v2\/media?parent=24389"}],"wp:term":[{"taxonomy":"category","embeddable":true,"href":"http:\/\/rodolfomartino.com.br\/blog\/wp-json\/wp\/v2\/categories?post=24389"},{"taxonomy":"post_tag","embeddable":true,"href":"http:\/\/rodolfomartino.com.br\/blog\/wp-json\/wp\/v2\/tags?post=24389"}],"curies":[{"name":"wp","href":"https:\/\/api.w.org\/{rel}","templated":true}]}}