{"id":24398,"date":"2020-10-15T06:15:59","date_gmt":"2020-10-15T06:15:59","guid":{"rendered":"http:\/\/rodolfomartino.com.br\/blog\/?p=24398"},"modified":"2020-10-15T18:17:26","modified_gmt":"2020-10-15T18:17:26","slug":"70-anos-da-tv-no-brasil-cronicas-e-memorias","status":"publish","type":"post","link":"http:\/\/rodolfomartino.com.br\/blog\/70-anos-da-tv-no-brasil-cronicas-e-memorias\/","title":{"rendered":"70 anos da TV no Brasil (cr\u00f4nicas e mem\u00f3rias)"},"content":{"rendered":"<p><em>Foto\/Reprodu\u00e7\u00e3o: site Outrolado&#8230;<\/em><\/p>\n<p>&#8230;<\/p>\n<p>(1) &#8211;<strong> Estripulias do garoto Tchinim diante da TV\u00a0<\/strong><\/p>\n<p>&#8230;<\/p>\n<p>Foi mesmo um acontecimento quando o primeiro aparelho de TV chegou \u00e0 humilde casa da rua Muniz de Souza 420.<\/p>\n<p>Era um mastod\u00f4ntico objeto que exibia a marca Invictus em pequenas letras bronzeadas na parte inferior, tela com 21 polegadas, profundidade infinita para acolher v\u00e1lvulas e um tubo \u2018que gerava as imagens\u2019 no dizer do pai &#8211; e, de resto, mal e mal se equilibrava em quatro roli\u00e7os p\u00e9s \u2018palitos\u2019.<\/p>\n<p>Imagine um taco de bilhar, cortado pela metade e enroscado na base da geringon\u00e7a l\u00fadica.<\/p>\n<p>Pois ent\u00e3o\u2026<\/p>\n<p><strong>&#8230;<\/strong><\/p>\n<p>Eu devia ter cinco ou seis anos \u2013 e achei aquela novidade bem estranha.<\/p>\n<p>Mesmo com o alvoro\u00e7o da m\u00e3e, das irm\u00e3s e de toda a vizinhan\u00e7a, eu fiquei \u00e0 certa dist\u00e2ncia da Coisa.<\/p>\n<p>Primeiro, porque a m\u00e3e n\u00e3o deixava:<\/p>\n<p>\u201cPode cair em cima de voc\u00ea e lhe matar\u201d.<\/p>\n<p>(Dona Yolanda era assim mesmo, dram\u00e1tica que s\u00f3).<\/p>\n<p>Segundo, um motivo inquisidor:<\/p>\n<p>Nunca entendi como aquelas pessoas diminu\u00edram de tamanho para caber no interior daquela enorme caixa. Mist\u00e9rio!!!<\/p>\n<p>Na minha ingenuidade, v\u00e1rias vezes me imaginei enfiado dentro do \u2018monstro\u2019 a desvendar os bastidores de como tudo aquilo acontece.<\/p>\n<p>Qual era o truque para o Roy Rogers e o lindo cavalo Tiger sair a perseguir bandidos sempre no mesmo dia da semana e no mesmo hor\u00e1rio?<\/p>\n<p>Como aquele bando de cantores e m\u00fasicos se re\u00fane ali naqueles confins para celebrar um tal de Clube dos Artistas?<\/p>\n<p>E, sobretudo e principalmente, como a L\u00edgia, a filha do dentista Dr. Carlos, a menina mais bonita da rua, aparecia quase todos os domingos em um palco, vestida de bailarina a dar piruetas e saltos, no programa chamado Grande Gincana Kibon?<\/p>\n<p>&#8230;<\/p>\n<p>Como \u00e9 que pode?<\/p>\n<p>\u2013 Pode, bobo, \u00e9 como se tiv\u00e9ssemos um cinema em casa \u2013 esclareceram minhas irm\u00e3s, Rosa e Doroti.<\/p>\n<p>\u2013 Voc\u00ea n\u00e3o lembra quando assistiu ao filme \u2018Marcelino, P\u00e3o e Vinho\u201d? Ent\u00e3o, Tchinim, \u00e9 quase a mesma coisa.<\/p>\n<p>S\u00f3 para esclarecer:<\/p>\n<p>Tchinim era meu apelido de garoto.<\/p>\n<p>E, se for quase, j\u00e1 n\u00e3o \u00e9 a mesma coisa.<\/p>\n<p>&#8230;<\/p>\n<p>Vou lhes confessar, ent\u00e3o.<\/p>\n<p>Mesmo depois das s\u00e1bias palavras das minha irm\u00e3s, houve dias em que tive \u00edmpetos de ir pra cima da Coisa.<\/p>\n<p>Sempre fui algo impulsivo.<\/p>\n<p>&#8230;<\/p>\n<p>Mas, tudo bem!<\/p>\n<p>De olho nas recomenda\u00e7\u00f5es da m\u00e3e &#8211; sempre alarmantes, lembram? -, entabulei cordiais rela\u00e7\u00f5es com a nova dona da aten\u00e7\u00e3o e suspiros de toda a fam\u00edlia, e tamb\u00e9m de alguns vizinhos.<\/p>\n<p>&#8230;<\/p>\n<p>Vou lhes confessar outra, ent\u00e3o: ansioso, aguardava os sucessos musicais da semana.<\/p>\n<p>As can\u00e7\u00f5es da moda e seus\u00a0 int\u00e9rpretes desfilavam, aos s\u00e1bados, no programa <em>Astros do Disco<\/em> com o comando do apresentador-gal\u00e3 Randal Juliano.<\/p>\n<p>Eram noites de gala, registre-se.<\/p>\n<p>&#8230;<\/p>\n<p>No palco, os homens trajavam smoking e as mulheres, vestido longo.<\/p>\n<p>Em casa, t\u00ednhamos, cada um de n\u00f3s, nossa torcida por esta ou aquela can\u00e7\u00e3o.<\/p>\n<p>Eu, por exemplo, avesso ao choror\u00f4 dos sambas can\u00e7\u00f5es e boleros, encantei-me assim que vi pela primeira vez aquele mo\u00e7o t\u00edmido cantar e tocar viol\u00e3o t\u00e3o docemente como nunca vira antes algu\u00e9m tocar viol\u00e3o e cantar.<\/p>\n<p>Havia ali um mist\u00e9rio, um dom, um feiti\u00e7o a me hipnotizar.<\/p>\n<p>&#8230;<\/p>\n<p>\u201c<em>Chega de Saudade<\/em>\u201d, o sucesso daquele rapaz, me arrebatou de tal forma que, desde ent\u00e3o, nunca mais pude esquecer aquele alumbramento.<\/p>\n<p>E olhem\u00a0 que l\u00e1 se v\u00e3o seis d\u00e9cadas\u2026<\/p>\n<p>Desde ent\u00e3o passei a acreditar que viver sem m\u00fasica seria mesmo um grande equ\u00edvoco.<\/p>\n<p>Obrigado, Jo\u00e3o Gilberto.<\/p>\n<p>\u00c9.<\/p>\n<p>O pessoal tem raz\u00e3o.<\/p>\n<p>At\u00e9 que \u00e9 bem legal ter um cineminha em casa!<\/p>\n<p>&#8230;<\/p>\n<p><em>O primeiro desenho animado que me lembre&#8230;<\/em><\/p>\n<p><iframe loading=\"lazy\" src=\"https:\/\/www.youtube.com\/embed\/FSQVZx79aOA\" width=\"560\" height=\"315\" frameborder=\"0\" allowfullscreen=\"allowfullscreen\"><\/iframe><\/p>\n<p>&#8230;<\/p>\n<p><em>* Inspirada em textos originalmente publicados em 25\/05\/2017 e 07\/09\/2019<\/em><\/p>\n<p>&#8230;<\/p>\n<p>&nbsp;<\/p>\n<p>&nbsp;<\/p>\n","protected":false},"excerpt":{"rendered":"<p><em>Foto\/Reprodu\u00e7\u00e3o: site Outrolado&#8230;<\/em><\/p>\n<p>&#8230;<\/p>\n<p>(1) &#8211;<strong> Estripulias do garoto Tchinim diante da TV\u00a0<\/strong><\/p>\n<p>&#8230;<\/p>\n<p>Foi mesmo um acontecimento quando o primeiro aparelho de TV chegou \u00e0 humilde casa da rua Muniz de Souza 420.<\/p>\n","protected":false},"author":1,"featured_media":24401,"comment_status":"open","ping_status":"open","sticky":false,"template":"","format":"standard","meta":{"_exactmetrics_skip_tracking":false,"_uf_show_specific_survey":0,"_uf_disable_surveys":false,"footnotes":""},"categories":[5],"tags":[1186,1655,1652,1653,1654],"class_list":["post-24398","post","type-post","status-publish","format-standard","has-post-thumbnail","hentry","category-blog","tag-70-anos","tag-astros-do-disco","tag-historia-da-tv-no-brasil","tag-invictus","tag-pacifico-e-o-bone-magico"],"_links":{"self":[{"href":"http:\/\/rodolfomartino.com.br\/blog\/wp-json\/wp\/v2\/posts\/24398","targetHints":{"allow":["GET"]}}],"collection":[{"href":"http:\/\/rodolfomartino.com.br\/blog\/wp-json\/wp\/v2\/posts"}],"about":[{"href":"http:\/\/rodolfomartino.com.br\/blog\/wp-json\/wp\/v2\/types\/post"}],"author":[{"embeddable":true,"href":"http:\/\/rodolfomartino.com.br\/blog\/wp-json\/wp\/v2\/users\/1"}],"replies":[{"embeddable":true,"href":"http:\/\/rodolfomartino.com.br\/blog\/wp-json\/wp\/v2\/comments?post=24398"}],"version-history":[{"count":5,"href":"http:\/\/rodolfomartino.com.br\/blog\/wp-json\/wp\/v2\/posts\/24398\/revisions"}],"predecessor-version":[{"id":24411,"href":"http:\/\/rodolfomartino.com.br\/blog\/wp-json\/wp\/v2\/posts\/24398\/revisions\/24411"}],"wp:featuredmedia":[{"embeddable":true,"href":"http:\/\/rodolfomartino.com.br\/blog\/wp-json\/wp\/v2\/media\/24401"}],"wp:attachment":[{"href":"http:\/\/rodolfomartino.com.br\/blog\/wp-json\/wp\/v2\/media?parent=24398"}],"wp:term":[{"taxonomy":"category","embeddable":true,"href":"http:\/\/rodolfomartino.com.br\/blog\/wp-json\/wp\/v2\/categories?post=24398"},{"taxonomy":"post_tag","embeddable":true,"href":"http:\/\/rodolfomartino.com.br\/blog\/wp-json\/wp\/v2\/tags?post=24398"}],"curies":[{"name":"wp","href":"https:\/\/api.w.org\/{rel}","templated":true}]}}