{"id":24412,"date":"2020-10-17T06:15:47","date_gmt":"2020-10-17T06:15:47","guid":{"rendered":"http:\/\/rodolfomartino.com.br\/blog\/?p=24412"},"modified":"2020-10-16T18:33:32","modified_gmt":"2020-10-16T18:33:32","slug":"70-anos-da-tv-no-brasil-cronicas-e-memorias-iii","status":"publish","type":"post","link":"http:\/\/rodolfomartino.com.br\/blog\/70-anos-da-tv-no-brasil-cronicas-e-memorias-iii\/","title":{"rendered":"70 anos da TV no Brasil (cr\u00f4nicas e mem\u00f3rias) &#8211; III"},"content":{"rendered":"<p><em>Foto: Divulga\u00e7\u00e3o\/Companhia das Letras<\/em><\/p>\n<p>&#8230;<\/p>\n<p><strong>(3) &#8211; J\u00f4 Soares e os entrevistadores<\/strong><\/p>\n<p>N\u00e3o h\u00e1 como discutir a\u00a0 import\u00e2ncia de J\u00f4 Soares para a consolida\u00e7\u00e3o do g\u00eanero talk-show na TV entre n\u00f3s. Depois de 11 anos no SBT e 17 na Globo, o artista e sua trupe se consagraram como o mais longevo programa de entrevista da TV brasileira. Que, diga-se de passagem, tem ampla tradi\u00e7\u00e3o neste g\u00eanero de atra\u00e7\u00e3o.<\/p>\n<p>Confiram comigo:<\/p>\n<p>O jornalista Wilson Nogueira (irm\u00e3o do tamb\u00e9m jornalista Armando Nogueira) foi um dos pioneiros l\u00e1 nos idos de 50 na ent\u00e3o TV Rio. \u00c9 prov\u00e1vel tamb\u00e9m que tenha sido um dos primeiros a viver uma situa\u00e7\u00e3o de risco.<\/p>\n<p>Ele, em um furo de reportagem, levou ao programa &#8211; ao vivo, pois n\u00e3o havia tape &#8211; o renomado Marechal Rondon, rec\u00e9m-chegado de uma de suas muitas incurs\u00f5es \u00e0s matas da Amaz\u00f4nia.<\/p>\n<p>L\u00e1 pelas tantas da conversa, Nogueira achou por bem oferecer uma ta\u00e7a de Guaran\u00e1 Champagne ao entrevistado, antes de chamar o necess\u00e1rio intervalo comercial.<\/p>\n<p>Homem s\u00e9rio e de firmes convic\u00e7\u00f5es, Rondon recusou firmemente a oferta \u2013 e disse mais:<\/p>\n<p>\u2014 O qu\u00ea? Eu s\u00f3 tomo guaran\u00e1 na Amaz\u00f4nia, colhido no p\u00e9 e raspado em l\u00edngua de pirarucu. O que voc\u00eas est\u00e3o me oferecendo \u00e9 \u00e1gua com a\u00e7\u00facar. N\u00e3o presta, n\u00e3o\u2026<\/p>\n<p>Detalhe: a Ant\u00e1rtica era patrocinadora do programa.<\/p>\n<p>E, depois dessa, achou melhor sair do neg\u00f3cio.<\/p>\n<p>&#8230;<\/p>\n<p>O pr\u00f3prio J\u00f4 Soares, no in\u00edcio da carreira em S\u00e3o Paulo, trabalhou na produ\u00e7\u00e3o do Silveira Sampaio Show, que era levado ao ar semanalmente pela TV Paulista e, depois, pela TV Record, no in\u00edcio dos anos 60.<\/p>\n<p><img loading=\"lazy\" decoding=\"async\" class=\"wp-image-24414 alignleft\" src=\"http:\/\/rodolfomartino.com.br\/blog\/wp-content\/uploads\/2020\/10\/silveirasampaio-300x157.jpg\" alt=\"\" width=\"418\" height=\"219\" srcset=\"http:\/\/rodolfomartino.com.br\/blog\/wp-content\/uploads\/2020\/10\/silveirasampaio-300x157.jpg 300w, http:\/\/rodolfomartino.com.br\/blog\/wp-content\/uploads\/2020\/10\/silveirasampaio-263x137.jpg 263w, http:\/\/rodolfomartino.com.br\/blog\/wp-content\/uploads\/2020\/10\/silveirasampaio.jpg 310w\" sizes=\"auto, (max-width: 418px) 100vw, 418px\" \/>Sampaio era dramaturgo, escritor e jornalista.<\/p>\n<p>Com o s\u00fabito falecimento de Sampaio, a Record passou o comando do programa ao apresentador Blota J\u00fanior, de larga em experi\u00eancia no r\u00e1dio e na TV. Manteve-se o formato e a periodicidade semanal, s\u00f3 que o programa foi para os fins de noite da sexta-feira.<\/p>\n<p>Ali\u00e1s, \u00e0 \u00e9poca, uma das entrevistas de maior repercuss\u00e3o foi com ent\u00e3o famoso humorista J\u00f4 Soares. Al\u00e9m de falar de sua promissora carreira, J\u00f4 deu mostra de outro de seus in\u00fameros talentos: o de dan\u00e7arino.<\/p>\n<p>Blota convidou tr\u00eas ou quatro dan\u00e7arinas da noite paulistana \u2013 e J\u00f4 as conduziu, com maestria e leveza, por diversos ritmos, mesmo com seus cento e tantos quilos.<\/p>\n<p>&#8230;<\/p>\n<p>O processo de redemocratiza\u00e7\u00e3o do Pa\u00eds possibilitou grande incentivo aos programas de debates e entrevistas; primeiro, no in\u00edcio e depois no transcorrer dos anos 80. S\u00e3o dessa \u00e9poca, por exemplo, t\u00edtulos consagrados como<em> Roda Viva, Canal Livre, Cr\u00edtica &amp; Auto Cr\u00edtica<\/em>, entre outros.<\/p>\n<p>Vale registrar, como ponto favor\u00e1vel \u00e0 realiza\u00e7\u00e3o desse tipo de programa o almejado fim da censura pol\u00edtica em 1979.<\/p>\n<p>Na esteira desse momento, digamos, de liberta\u00e7\u00e3o, o formato talk-show foi ganhando adeptos como Mar\u00edlia Gabriela, Ferreira Netto e Alberto Helena J\u00fanior.<\/p>\n<p>&#8230;<\/p>\n<p>Mar\u00edlia Gabriela misturou alguns g\u00eaneros televisivos em seu <em>Maria Gabi Gabriela<\/em>, com trilha de Rita Lee, ainda naquela d\u00e9cada. Juntava no mesmo est\u00fadio atra\u00e7\u00f5es diversas e as entrevistava uma a uma, entremeando n\u00fameros musicais e outras atra\u00e7\u00f5es.<\/p>\n<p>Algum tempo depois, j\u00e1 nos anos 90, experimentou dividir a bancada com o Macaco Sim\u00e3o e o jornalista Augusto Nunes em <em>De Frente Com Gabi<\/em>, no SBT. \u00c9 dessa \u00e9poca uma bela entrevista com o escritor e jornalista Carlos Heitor Cony que lan\u00e7ava um novo livro (\u201cQuase Mem\u00f3ria\u201d), ap\u00f3s mais de 20 anos longe da literatura.<\/p>\n<p>\u201cEu tinha coisa mais agrad\u00e1veis a fazer do que escrever um romance\u201d, respondeu Cony aos embasbacados entrevistadores.<\/p>\n<p>Essa experi\u00eancia n\u00e3o teve vida longa. Uma pena!<\/p>\n<p>Coisas do SBT\u2026<\/p>\n<p>Mar\u00edlia continuou, ainda por v\u00e1rios anos, com seus programas de entrevistas, tanto na GNT como na TV aberta (voltou ao SBT). Com uma levada mais para o entretenimento e ao mundo dos famosos.<\/p>\n<p>&#8230;<\/p>\n<p>Outra experi\u00eancia bem interessante no g\u00eanero foi perpetrada pelo jornalista Alberto Helena Jr. na TV Record, tamb\u00e9m pelos idos de 80.<\/p>\n<p>Chamava-se <em>Show da Meia Noite<\/em> e, como insinuava o sugestivo nome, tentava atrair uma plateia de not\u00edvagos, interessados em ir al\u00e9m das not\u00edcias do telejornal ou das reprises de filmes antigos Helena viveu os ares da Record em seu auge, anos 60, no tempo dos musicais. Depois desenvolveu s\u00f3lida carreira como jornalista esportivo, como colunista do Jornal da Tarde.<\/p>\n<p>\u00c0 \u00e9poca, tentou dar uma guinada na carreira \u2013 e investiu firmemente na TV.<\/p>\n<p><em>Show da Meia Noite<\/em>, eu diria, foi uma oportuna iniciativa. No entanto, n\u00e3o prosperou em termos de audi\u00eancia. Tamb\u00e9m teve vida curta.<\/p>\n<p>&#8230;<\/p>\n<p>N\u00e3o \u00e9 exagero dizer que o Programa Ferreira Neto consolidou o fim de noite como o hor\u00e1rio ideal para o bate-papo eletr\u00f4nico. Reproduzia basicamente o cen\u00e1rio de mesa para o entrevistador e sof\u00e1 para o entrevistado que J\u00f4 consagrou anos depois.<\/p>\n<p>Com ampla experi\u00eancia como jornalista e passagens por diversos jornais e emissoras de r\u00e1dio e de TV, Ferreira Neto tinha s\u00f3lida carreira como colunista de TV, com auge no jornal <em>Folha da Tarde<\/em>.<\/p>\n<p>Na TV, seu programa aproveitou os ares da redemocratiza\u00e7\u00e3o para dar \u00eanfase ao debate pol\u00edtico, t\u00e3o em voga \u00e0 \u00e9poca; mas n\u00e3o se limitou \u00e0 \u00e1rea. Entrevistou tamb\u00e9m personalidades de diversos segmentos, especialmente do mundo de entretenimento.<\/p>\n<p>Tinha uma boa m\u00e9dia de audi\u00eancia para o hor\u00e1rio, mas o ponto forte era o car\u00e1ter de formador de opini\u00e3o. Houve momentos que ser entrevistado por Ferreira Neto era sinal de prest\u00edgio, de ter o que dizer.<\/p>\n<p>O jornalista levou t\u00e3o a s\u00e9rio essa fama que cometeu um grave deslize.<\/p>\n<p>Contrariou as orienta\u00e7\u00f5es do Tribunal Regional Eleitoral, e entrevistou o ent\u00e3o candidato a presidente, Fernando Collor de Melo, na quarta-feira anterior ao pleito do segundo turno, em dezembro de 1989.<\/p>\n<p>Tal iniciativa \u2013 sem dar o direito de reciprocidade ao candidato Luiz In\u00e1cio Lula da Silva \u2013 foi entendida como um claro apoio a Collor.<\/p>\n<p>Ele n\u00e3o foi o \u00fanico, \u00e9 certo.<\/p>\n<p>Mas, a bem da verdade, come\u00e7ou a\u00ed a derrocada do programa. Ferreira Neto ficou estigmatizado \u2013 e gradativamente foi perdendo espa\u00e7o na TV. O programa, que j\u00e1 havia passado por diversos canais, foi perdendo p\u00fablico e terminou seus dias \u2013 depois cont\u00ednuas interrup\u00e7\u00f5es \u2013 na grade vespertina de s\u00e1bado, na TV Mulher.<\/p>\n<p>Ferreira Neto tentou voos pol\u00edticos, lan\u00e7ando-se como candidato ao Senado. Mas, n\u00e3o obteve \u00eaxito.<\/p>\n<p>&#8230;<\/p>\n<p>Vale registrar \u2013 at\u00e9 para fechar redondo esse passeio pelos descaminhos da Hist\u00f3ria da TV \u2013 que o J\u00f4 Soares \u2013 Onze Meia ganhou for\u00e7a na cobertura do dia-a-dia do impeachment de Fernando Collor.<\/p>\n<p>J\u00f4 lan\u00e7ou m\u00e3o de sua verve como jornalista &#8211; foi colunista do c\u00e9lebre <em>\u00daltima Hora<\/em>, de Samuel Wainner, para acompanhar passo a passo do debate pol\u00edtico, com c\u00e9lebres entrevistas.<\/p>\n<p>\u00c9 isso!<\/p>\n<p>Um beijo do (quase) gordo.<\/p>\n<p>Se continuar o isolamento social, j\u00e1-j\u00e1 bato nos tr\u00eas d\u00edgitos&#8230;<\/p>\n<p>&#8230;<\/p>\n<p><iframe loading=\"lazy\" src=\"https:\/\/www.youtube.com\/embed\/4GreZeAY0bU\" width=\"560\" height=\"315\" frameborder=\"0\" allowfullscreen=\"allowfullscreen\"><\/iframe><\/p>\n<p>&#8230;<\/p>\n<p><em>* A partir de texto publicado originalmente em 13\/03\/2012<\/em><\/p>\n<p>&nbsp;<\/p>\n<p>&nbsp;<\/p>\n","protected":false},"excerpt":{"rendered":"<p><em>Foto: Divulga\u00e7\u00e3o\/Companhia das Letras<\/em><\/p>\n<p>&#8230;<\/p>\n<p><strong>(3) &#8211; J\u00f4 Soares e os entrevistadores<\/strong><\/p>\n<p>N\u00e3o h\u00e1 como discutir a\u00a0 import\u00e2ncia de J\u00f4 Soares para a consolida\u00e7\u00e3o do g\u00eanero talk-show na TV entre n\u00f3s.<\/p>\n","protected":false},"author":1,"featured_media":20271,"comment_status":"open","ping_status":"open","sticky":false,"template":"","format":"standard","meta":{"_exactmetrics_skip_tracking":false,"_uf_show_specific_survey":0,"_uf_disable_surveys":false,"footnotes":""},"categories":[5],"tags":[1186,1663,128,1652,1649,135,1662,1661],"class_list":["post-24412","post","type-post","status-publish","format-standard","has-post-thumbnail","hentry","category-blog","tag-70-anos","tag-blota-junior","tag-entrevista","tag-historia-da-tv-no-brasil","tag-jo-soares","tag-memoria","tag-silveira-sampaio","tag-talk-show"],"_links":{"self":[{"href":"http:\/\/rodolfomartino.com.br\/blog\/wp-json\/wp\/v2\/posts\/24412","targetHints":{"allow":["GET"]}}],"collection":[{"href":"http:\/\/rodolfomartino.com.br\/blog\/wp-json\/wp\/v2\/posts"}],"about":[{"href":"http:\/\/rodolfomartino.com.br\/blog\/wp-json\/wp\/v2\/types\/post"}],"author":[{"embeddable":true,"href":"http:\/\/rodolfomartino.com.br\/blog\/wp-json\/wp\/v2\/users\/1"}],"replies":[{"embeddable":true,"href":"http:\/\/rodolfomartino.com.br\/blog\/wp-json\/wp\/v2\/comments?post=24412"}],"version-history":[{"count":3,"href":"http:\/\/rodolfomartino.com.br\/blog\/wp-json\/wp\/v2\/posts\/24412\/revisions"}],"predecessor-version":[{"id":24417,"href":"http:\/\/rodolfomartino.com.br\/blog\/wp-json\/wp\/v2\/posts\/24412\/revisions\/24417"}],"wp:featuredmedia":[{"embeddable":true,"href":"http:\/\/rodolfomartino.com.br\/blog\/wp-json\/wp\/v2\/media\/20271"}],"wp:attachment":[{"href":"http:\/\/rodolfomartino.com.br\/blog\/wp-json\/wp\/v2\/media?parent=24412"}],"wp:term":[{"taxonomy":"category","embeddable":true,"href":"http:\/\/rodolfomartino.com.br\/blog\/wp-json\/wp\/v2\/categories?post=24412"},{"taxonomy":"post_tag","embeddable":true,"href":"http:\/\/rodolfomartino.com.br\/blog\/wp-json\/wp\/v2\/tags?post=24412"}],"curies":[{"name":"wp","href":"https:\/\/api.w.org\/{rel}","templated":true}]}}