{"id":24419,"date":"2020-10-18T06:15:27","date_gmt":"2020-10-18T06:15:27","guid":{"rendered":"http:\/\/rodolfomartino.com.br\/blog\/?p=24419"},"modified":"2020-10-17T17:56:31","modified_gmt":"2020-10-17T17:56:31","slug":"70-anos-da-tv-no-brasil-cronicas-e-memorias-iv","status":"publish","type":"post","link":"http:\/\/rodolfomartino.com.br\/blog\/70-anos-da-tv-no-brasil-cronicas-e-memorias-iv\/","title":{"rendered":"70 anos da TV no Brasil (cr\u00f4nicas e mem\u00f3rias) &#8211; IV"},"content":{"rendered":"<p><em>Foto\/Reprodu\u00e7\u00e3o: Caetano Veloso, no palco do Teatro Record<\/em><\/p>\n<p>&#8230;<\/p>\n<p><strong>(4) &#8211; E a MPB nunca mais foi a mesma&#8230;<\/strong><\/p>\n<p>Outubro de 1967.<\/p>\n<p>(Mais precisamente 21 de outubro de 1967)<\/p>\n<p>A final\u00edssima do terceiro Festival de M\u00fasica Popular Brasileira lota o audit\u00f3rio da TV Record, na rua Brigadeiro Lu\u00eds Ant\u00f4nio, para uma apresenta\u00e7\u00e3o hist\u00f3rica que, comprovar-se-\u00e1 no futuro, como um divisor de \u00e1guas.<\/p>\n<p>Nasce ali o Tropicalismo, o caldeir\u00e3o cultural que re\u00fane matizes e tend\u00eancias \u2013 e projeta uma alquimia sonora at\u00e9 ent\u00e3o inimagin\u00e1vel.<\/p>\n<p>A m\u00fasica popular brasileira nunca mais ser\u00e1 a mesma.<\/p>\n<p>Verdade verdadeira, muito bem retratada no document\u00e1rio \u201cUma Noite em 67\u201d, dirigido por Renato Terra e Ricardo Kalil.<\/p>\n<p>Imperd\u00edvel, recomendo.<\/p>\n<p>(\u2026)<\/p>\n<p>Entre vaias e aplausos, gritos e apupos, os apresentadores Blota J\u00fanior e Sonia Ribeiro anunciam os vencedores:<\/p>\n<p>1\u00ba \u2013 \u201cPonteio\u201d, de Edu Lobo e Capinam, defendida pelo pr\u00f3prio Edu e Mar\u00edlia Medalha.<\/p>\n<p>2\u00ba \u2013 \u201cDomingo no Parque\u201d, de Gilberto Gil, com Gil e os Mutantes, arranjo sensacional do maestro Rog\u00e9rio Duprat.<\/p>\n<p>3\u00ba \u2013 \u201cRoda Viva\u201d, de Chico Buarque de Holanda, com Chico e o MPB-4.<\/p>\n<p>4\u00ba \u2013 \u201cAlegria, Alegria\u201d, de Caetano Veloso, com Caetano e os Beat Boys, grupo argentino comandado por Tony Osana.<\/p>\n<p>5\u00ba \u2013 \u201cMaria, Carnaval e Cinzas\u201d, de Lu\u00eds Carlos Paran\u00e1, defendida por Roberto Carlos.<\/p>\n<p>* Melhor Int\u00e9rprete: Elis Regina \u2013 \u201cO Cantador\u201d (Dori Caymmi e N\u00e9lson Motta).<\/p>\n<p>* Melhor Letra: \u201cA Estrada e o Violeiro\u201d (Sidney Miller) \u2013 int\u00e9rpretes: Sidney Miller e Nara Le\u00e3o.<\/p>\n<p>(\u2026)<\/p>\n<p>Todos os classificados saem satisfeitos do palco.<\/p>\n<p>Naquela noite, h\u00e1 apenas um imprevisto, provocado pelo cantor\/compositor S\u00e9rgio Ricardo. Ele irrita-se com as vaias que sequer o deixavam ouvir os acordes da orquestra que o acompanha. Interrompe bruscamente a can\u00e7\u00e3o que heroicamente defendia, \u201cBeto Bom de Bola\u201d, quebra o viol\u00e3o e o atira na plateia.<\/p>\n<p>No dia seguinte, o jornal Not\u00edcias Populares sai com a seguinte manchete:<\/p>\n<p>VIOLADA NO TEATRO RECORD<\/p>\n<p>(Consta que a tal manchete nunca existiu, mas preserva-se a lenda.)<\/p>\n<p>(\u2026)<\/p>\n<p>Foi o auge da chamada Era dos Festivais que, sob a batuta do produtor Solano Ribeiro, se inicia em 1965 na TV Excelsior (vit\u00f3ria de \u201cArrast\u00e3o\u201d, de Edu Lobo e Vinicius de Moraes, interpretada por Elis Regina), passa para a TV Record no ano seguinte (\u201cDisparada\u201d, de Geraldo Vandr\u00e9, e \u201cA Banda\u201d, de Chico Buarque de Holanda, empataram em primeiro lugar) e se arrasta em 1968 (vit\u00f3ria de Tomz\u00e9, com \u201cS\u00e3o S\u00e3o Paulo, Meu Amor\u201d) e se encerra em 1969, com a emblem\u00e1tica vit\u00f3ria de \u201cSinal Fechado\u201d, de Paulinho da Viola.<\/p>\n<p>(\u2026)<\/p>\n<p>Um detalhe.<\/p>\n<p>Essa revolu\u00e7\u00e3o na MPB aconteceu h\u00e1 cinco d\u00e9cadas.<\/p>\n<p>Seus protagonistas \u2013 Chico, Caetano, Edu, Gil e Elis \u2013 tinham, ent\u00e3o, por volta de 25 anos e todos os sonhos do mundo.<\/p>\n<p>&#8230;<\/p>\n<p><iframe loading=\"lazy\" src=\"https:\/\/www.youtube.com\/embed\/kQVo7h3M-2E\" width=\"560\" height=\"315\" frameborder=\"0\" allowfullscreen=\"allowfullscreen\"><\/iframe><\/p>\n<p>\u00ccntegra do document\u00e1rio: <a href=\"https:\/\/youtu.be\/kns35O-zCRk\" target=\"_blank\" rel=\"noopener\"><strong>AQUI<\/strong><\/a><\/p>\n<p>&#8230;<\/p>\n<p><em>* Texto publicado originalmente em 23\/10\/2017<\/em><\/p>\n","protected":false},"excerpt":{"rendered":"<p><em>Foto\/Reprodu\u00e7\u00e3o: Caetano Veloso, no palco do Teatro Record<\/em><\/p>\n<p>&#8230;<\/p>\n<p><strong>(4) &#8211; E a MPB nunca mais foi a mesma&#8230;<\/strong><\/p>\n<p>Outubro de 1967.<\/p>\n","protected":false},"author":1,"featured_media":24422,"comment_status":"open","ping_status":"open","sticky":false,"template":"","format":"standard","meta":{"_exactmetrics_skip_tracking":false,"_uf_show_specific_survey":0,"_uf_disable_surveys":false,"footnotes":""},"categories":[5],"tags":[1186,310,272,1665,1664,249,1652,283],"class_list":["post-24419","post","type-post","status-publish","format-standard","has-post-thumbnail","hentry","category-blog","tag-70-anos","tag-caetano","tag-chico","tag-edu-lobo","tag-era-dos-festivais","tag-gil","tag-historia-da-tv-no-brasil","tag-memorias"],"_links":{"self":[{"href":"http:\/\/rodolfomartino.com.br\/blog\/wp-json\/wp\/v2\/posts\/24419","targetHints":{"allow":["GET"]}}],"collection":[{"href":"http:\/\/rodolfomartino.com.br\/blog\/wp-json\/wp\/v2\/posts"}],"about":[{"href":"http:\/\/rodolfomartino.com.br\/blog\/wp-json\/wp\/v2\/types\/post"}],"author":[{"embeddable":true,"href":"http:\/\/rodolfomartino.com.br\/blog\/wp-json\/wp\/v2\/users\/1"}],"replies":[{"embeddable":true,"href":"http:\/\/rodolfomartino.com.br\/blog\/wp-json\/wp\/v2\/comments?post=24419"}],"version-history":[{"count":3,"href":"http:\/\/rodolfomartino.com.br\/blog\/wp-json\/wp\/v2\/posts\/24419\/revisions"}],"predecessor-version":[{"id":24423,"href":"http:\/\/rodolfomartino.com.br\/blog\/wp-json\/wp\/v2\/posts\/24419\/revisions\/24423"}],"wp:featuredmedia":[{"embeddable":true,"href":"http:\/\/rodolfomartino.com.br\/blog\/wp-json\/wp\/v2\/media\/24422"}],"wp:attachment":[{"href":"http:\/\/rodolfomartino.com.br\/blog\/wp-json\/wp\/v2\/media?parent=24419"}],"wp:term":[{"taxonomy":"category","embeddable":true,"href":"http:\/\/rodolfomartino.com.br\/blog\/wp-json\/wp\/v2\/categories?post=24419"},{"taxonomy":"post_tag","embeddable":true,"href":"http:\/\/rodolfomartino.com.br\/blog\/wp-json\/wp\/v2\/tags?post=24419"}],"curies":[{"name":"wp","href":"https:\/\/api.w.org\/{rel}","templated":true}]}}