{"id":24424,"date":"2020-10-19T06:15:45","date_gmt":"2020-10-19T06:15:45","guid":{"rendered":"http:\/\/rodolfomartino.com.br\/blog\/?p=24424"},"modified":"2020-10-19T13:11:55","modified_gmt":"2020-10-19T13:11:55","slug":"24424-2","status":"publish","type":"post","link":"http:\/\/rodolfomartino.com.br\/blog\/24424-2\/","title":{"rendered":"70 anos da TV no Brasil (cr\u00f4nicas e mem\u00f3rias) &#8211; V"},"content":{"rendered":"<p><em>Foto: Divulga\u00e7\u00e3o<\/em><\/p>\n<p>&#8230;<\/p>\n<p><strong>(5) &#8211; Eu sou Beto Rockfeller<\/strong><\/p>\n<p>Luiz Gustavo \u00e9 o destaque que escolho para encerrar esta (primeira?) sequ\u00eancia de posts sobre os 70 anos da TV no Brasil. Mais do que uma escolha, amigos, \u00e9 uma rever\u00eancia que fa\u00e7o a uma das mais importantes personalidades da nossa teledramaturgia.<\/p>\n<p>\u00c9 um ator tipicamente televisivo.<\/p>\n<p>Estreou na TV no pioneiro TV de Vanguarda.<\/p>\n<p>Formou-se quase que exclusivamente nos est\u00fadios da Tupi ao lado de outros monstros sagrados como Lima Duarte, Raul Cortez, Dion\u00edsio Azevedo, Juca de Oliveira, Jos\u00e9 Parisi, Hamilton Fernandes, S\u00e9rgio Cardoso &#8211; e, mesmo com naturais incurs\u00f5es em teatro e cinema, foi na TV que viveu grandes e inesquec\u00edveis momentos.<\/p>\n<p>De quebra, o ator foi protagonista da novela que mudou o conceito das produ\u00e7\u00f5es brasileiras.<\/p>\n<p><em>Beto Rockfeller<\/em>, levada ao ar na pioneira Tupi em 1968, com a assinatura autoral de Br\u00e1ulio Pedroso e dire\u00e7\u00e3o de Lima Duarte, desafiou pra valer as estruturas das nossas narrativas.<\/p>\n<p>Introduziu o humor, escanteou padroniza\u00e7\u00e3o imposta pelos dramalh\u00f5es mexicanos (que copi\u00e1vamos, ent\u00e3o, descaradamente) e deu um basta ao estere\u00f3tipo dos gal\u00e3s folhetinescos.<\/p>\n<p>A bem da verdade, Beto Rockfeller, interpretado (ou encarnado) por Luiz Gustavo, inaugurou a fase do anti-her\u00f3i como protagonista das nossas tramas di\u00e1rias.<\/p>\n<p>Nada mais brazuca do que um mocinho n\u00e3o t\u00e3o &#8216;mocinho&#8217; assim. Enrolador e enrolado, bom de conversa e algo desastrado, divertido e sedutor.<\/p>\n<p>Essencialmente, se me permitem a ousadia da defini\u00e7\u00e3o, apenas um inconsequente sonhador como eram os jovens naquele fim de d\u00e9cada.<\/p>\n<p>&#8230;<\/p>\n<p>Tudo isso num momento que a TV Tupi j\u00e1 n\u00e3o vivia l\u00e1 uma grande fase.<\/p>\n<p>Enfrentava a concorr\u00eancia forte da Record e a ascens\u00e3o da Excelsior e da Globo.<\/p>\n<p>As finan\u00e7as combalidas, via de regra, resultavam em atraso do pagamento dos funcion\u00e1rios &#8211; inclusive, dos atores.<\/p>\n<p>Uma situa\u00e7\u00e3o que, de resto, contrastava com a audi\u00eancia e a repercuss\u00e3o da novela.<\/p>\n<p>&#8230;<\/p>\n<p>Foi ent\u00e3o que ator e personagem se fundiram no mesmo enredo &#8211; e dos est\u00fadios saltou, \u00fanico, para a vida real.<\/p>\n<p>Como assim?<\/p>\n<p>Explico.<\/p>\n<p>Al\u00e9m de ser figura constante em an\u00fancios publicit\u00e1rios da TV,\u00a0 Tat\u00e1 (o apelido de Luiz Gustavo) abriu a possibilidade de outra fonte de renda para compensar as agruras dos sal\u00e1rios espa\u00e7ados.<\/p>\n<p>Come\u00e7ou a colocar cacos em meio ao texto que faziam refer\u00eancia ao restaurante X ou \u00e0 loja de roupa Y e\/ou principalmente ao Engov, medicamento rec\u00e9m-lan\u00e7ado para combater a ressaca de not\u00e1veis bebedeiras.<\/p>\n<p>Ele, por conta e risco, fez o seguinte trato com o pessoal da ag\u00eancia de publicidade\u00a0 que tinha a conta do tal comprimido: toda vez que dissesse Engov receberia uns bons pixol\u00e9s de cach\u00ea.<\/p>\n<p>&#8230;<\/p>\n<p>Cap\u00edtulo sim e outro tamb\u00e9m, l\u00e1 estava o Beto a reclamar para o parceiro Vit\u00f3rio (vivido magnificamente por Pl\u00ednio Marcos) que havia bebido muito na noite anterior e, ent\u00e3o, tomaria um\u2026<\/p>\n<p>\u2014 Engov. Ouviu, Vit\u00f3rio? Eu disse que vou tomar um Engov. Engov.<\/p>\n<p>Ou seja, tr\u00eas vezes Engov; dinheiro em caixa!<\/p>\n<p>&#8230;<\/p>\n<p>Assim foi por semanas.<\/p>\n<p>At\u00e9 que algu\u00e9m do Departamento Comercial da emissora desconfiou \u2013 e chamou a aten\u00e7\u00e3o do ator.<\/p>\n<p>Fez mais: proibiu terminantemente qualquer alus\u00e3o a qualquer marca comercial que n\u00e3o estivesse no roteiro, devidamente faturada pela emissora (que, ali\u00e1s, passou ela pr\u00f3pria a aproveitar a iniciativa como novo veio de arrecada\u00e7\u00e3o).<\/p>\n<p>Beto\/Luiz Gustavo ainda tentou negociar.<\/p>\n<p>Lembrou o sucesso da novela, que o dia 10 nem sempre era dia 10 e cousa e lousa e maripo(u)sa.<\/p>\n<p>Mas, o chef\u00e3o foi definitivo.<\/p>\n<p>\u2014 A partir da pr\u00f3xima segunda-feira, n\u00e3o quero ouvir o personagem Beto Rockfeller citar qualquer produto ou empresa no meio das cenas. Estamos entendidos?<\/p>\n<p>Ele concordou. Que jeito?<\/p>\n<p>&#8230;<\/p>\n<p>Mas, no melhor estilo Beto Rockfeller, foi \u00e0 forra nos cap\u00edtulos que lhe restavam gravar.<\/p>\n<p>Nas cenas de s\u00e1bado, o \u00faltimo antes do prazo dado pelo homem do Departamento Comercial, for\u00e7ou a barra por uma justa causa.<\/p>\n<p>A cena come\u00e7a com o telefone tocando. Beto dorme o sono dos justos mesmo n\u00e3o sendo t\u00e3o justo assim. Reluta em acordar para atender. Depois de sei l\u00e1 quantos toques, resolve saber quem \u00e9. Era a namorada, vivida por D\u00e9bora Duarte.<\/p>\n<p>Ouve-se apenas a voz de Beto a desculpar-se:<\/p>\n<p>\u2014 Demorei para atender porque estou com uma enorme ressaca, amor. Vou tomar um Engov. (\u2026) Pois \u00e9. Engov, eu disse. O que voc\u00ea quer saber? Engov \u00e9 Engov, simples. Engov, entendeu? Escreve assim, \u00f3: En_go_v\u2026 Ah, lembrou, n\u00e9? Isso mesmo, Engov\u2026<\/p>\n<p>Falou quinze vezes a palavra proibida e salvou a grana do m\u00eas.<\/p>\n<p>&#8230;<\/p>\n<p><iframe loading=\"lazy\" src=\"https:\/\/www.youtube.com\/embed\/ozGvU_cxpvE\" width=\"560\" height=\"315\" frameborder=\"0\" allowfullscreen=\"allowfullscreen\"><\/iframe><\/p>\n<p>&#8230;<\/p>\n<p><iframe loading=\"lazy\" src=\"https:\/\/www.youtube.com\/embed\/airSCrqr1hE\" width=\"560\" height=\"315\" frameborder=\"0\" allowfullscreen=\"allowfullscreen\"><\/iframe><\/p>\n<p>&#8230;<\/p>\n<div class=\"custom-signature\"><em>* A partir de texto originalmente publicado em 16\/06\/2009<\/em><\/div>\n","protected":false},"excerpt":{"rendered":"<p><em>Foto: Divulga\u00e7\u00e3o<\/em><\/p>\n<p>&#8230;<\/p>\n<p><strong>(5) &#8211; Eu sou Beto Rockfeller<\/strong><\/p>\n<p>Luiz Gustavo \u00e9 o destaque que escolho para encerrar esta (primeira?) sequ\u00eancia de posts sobre os 70 anos da TV no Brasil.<\/p>\n","protected":false},"author":1,"featured_media":24429,"comment_status":"open","ping_status":"open","sticky":false,"template":"","format":"standard","meta":{"_exactmetrics_skip_tracking":false,"_uf_show_specific_survey":0,"_uf_disable_surveys":false,"footnotes":""},"categories":[5],"tags":[1186,1667,1652,1169,135,561,1668],"class_list":["post-24424","post","type-post","status-publish","format-standard","has-post-thumbnail","hentry","category-blog","tag-70-anos","tag-beto-rockfeller","tag-historia-da-tv-no-brasil","tag-luiz-gustavo","tag-memoria","tag-novela","tag-tv-tupi"],"_links":{"self":[{"href":"http:\/\/rodolfomartino.com.br\/blog\/wp-json\/wp\/v2\/posts\/24424","targetHints":{"allow":["GET"]}}],"collection":[{"href":"http:\/\/rodolfomartino.com.br\/blog\/wp-json\/wp\/v2\/posts"}],"about":[{"href":"http:\/\/rodolfomartino.com.br\/blog\/wp-json\/wp\/v2\/types\/post"}],"author":[{"embeddable":true,"href":"http:\/\/rodolfomartino.com.br\/blog\/wp-json\/wp\/v2\/users\/1"}],"replies":[{"embeddable":true,"href":"http:\/\/rodolfomartino.com.br\/blog\/wp-json\/wp\/v2\/comments?post=24424"}],"version-history":[{"count":7,"href":"http:\/\/rodolfomartino.com.br\/blog\/wp-json\/wp\/v2\/posts\/24424\/revisions"}],"predecessor-version":[{"id":24433,"href":"http:\/\/rodolfomartino.com.br\/blog\/wp-json\/wp\/v2\/posts\/24424\/revisions\/24433"}],"wp:featuredmedia":[{"embeddable":true,"href":"http:\/\/rodolfomartino.com.br\/blog\/wp-json\/wp\/v2\/media\/24429"}],"wp:attachment":[{"href":"http:\/\/rodolfomartino.com.br\/blog\/wp-json\/wp\/v2\/media?parent=24424"}],"wp:term":[{"taxonomy":"category","embeddable":true,"href":"http:\/\/rodolfomartino.com.br\/blog\/wp-json\/wp\/v2\/categories?post=24424"},{"taxonomy":"post_tag","embeddable":true,"href":"http:\/\/rodolfomartino.com.br\/blog\/wp-json\/wp\/v2\/tags?post=24424"}],"curies":[{"name":"wp","href":"https:\/\/api.w.org\/{rel}","templated":true}]}}