{"id":24444,"date":"2020-10-21T06:15:35","date_gmt":"2020-10-21T06:15:35","guid":{"rendered":"http:\/\/rodolfomartino.com.br\/blog\/?p=24444"},"modified":"2020-10-21T12:12:06","modified_gmt":"2020-10-21T12:12:06","slug":"o-bom-jose","status":"publish","type":"post","link":"http:\/\/rodolfomartino.com.br\/blog\/o-bom-jose\/","title":{"rendered":"Pepe Mujica e o Uruguai"},"content":{"rendered":"<p><em>Foto: Jos\u00e9 Cruz\/Ag\u00eancia Brasil<\/em><\/p>\n<p>&#8230;<\/p>\n<p>Tenho um carinho todo especial pelo Uruguai.<\/p>\n<p>Visitei o pequeno pa\u00eds algumas vezes \u2013 e me encantaran, sempre, a educa\u00e7\u00e3o e a gentileza com que l\u00e1 me receberam. Adorei o jeito s\u00e9rio, objetivo \u2013 mas, cordialmente generoso \u2013\u00a0 dos irm\u00e3os uruguaios para tocar a vida e preservar a pr\u00f3pria hist\u00f3ria.<\/p>\n<p>Certa vez, em Congresso Estudantil que l\u00e1 participei, um professor amigo decretou solenemente, e para minha surpresa: toda a simpatia que nutro pelo pa\u00eds vizinho tem a ver com o fato de que a cidade de Montevid\u00e9u lembra, em muitos pontos, o nosso (meu e dele) querido bairro do Cambuci nos idos dos anos 50 e 60. Citou as ruas do distrito de Punta Carreto, toda aquela \u00e1rea central e mesmo os arredores da Ba\u00eda de Montevid\u00e9u, com suas casas humildes de muros baixos com jardinzinho \u00e0 frente e o tom s\u00e9pia da ilumina\u00e7\u00e3o das ruas ao entardecer.<\/p>\n<p>Sinceramente, n\u00e3o havia feito tal associa\u00e7\u00e3o.<\/p>\n<p>Mas, pensando bem e for\u00e7ando um pouquinho a barra, faz sentido.<\/p>\n<p>Algo ali me \u00e9 agradavelmente familiar.<\/p>\n<p>&#8230;<\/p>\n<p>Gosto de lembrar a Capital do pa\u00eds, \u00e9 certo.<\/p>\n<p>No entanto, importante que eu realce que tamb\u00e9m me senti muito \u00e0 vontade em cidades como Punta Del Leste, Col\u00f4nia do Sacramento e pequenina Piri\u00e1polis que, de resto, achei acolhedora, cativante e com um raro p\u00f4r do sol. Encantadora.<\/p>\n<p>&#8230;<\/p>\n<p>\u00c9 dif\u00edcil falar essas coisas que vou falar.<\/p>\n<p>Mas, desconfio que l\u00e1 viveria tranquilamente at\u00e9 em fun\u00e7\u00e3o deste c\u00e1lido momento da minha vida.<\/p>\n<p>Talvez aqui eu exagere, n\u00e3o sei\u2026<\/p>\n<p>Deixei de levar em considera\u00e7\u00e3o o inverno rigoroso &#8211; e depois tem a dist\u00e2ncia.<\/p>\n<p>O Uruguai me parece um tanto longe de tudo, enfim\u2026<\/p>\n<p>Deixemos de platitudes e devaneios.<\/p>\n<p>Vamos dar de barato, ent\u00e3o, que tenho uma admira\u00e7\u00e3o enorme, um grande respeito por aquele pequeno pa\u00eds e sua gente.<\/p>\n<p>&#8230;<\/p>\n<p>Admira\u00e7\u00e3o que obviamente se estende ao ex-presidente Jos\u00e9 \u201cPepe\u201d Mujica que, ontem, aos 85 anos, renunciou \u00e0 cadeira no Senado por for\u00e7a desta tr\u00e1gica pandemia e, assim e algo relutante, anunciou sua aposentadoria dos cargos p\u00fablicos, \u201cmas n\u00e3o da pol\u00edtica\u201d.<\/p>\n<p>Disse Mujica em carta ao povo uruguaio, lida em sess\u00e3o extraordin\u00e1ria do Senado:<\/p>\n<p>\u201cEsta situa\u00e7\u00e3o me obriga, com muito pesar, por minha profunda voca\u00e7\u00e3o pol\u00edtica, a solicitar que se tramite minha ren\u00fancia \u00e0 cadeira que os cidad\u00e3os me concederam.\u201d<\/p>\n<p>\u201cIsto n\u00e3o significa o abandono da pol\u00edtica, mas sim o abandono da primeira fila, por entender que um dirigente \u00e9 aquele que d\u00e1 vantagem \u00e0s pessoas que o superam. Vou agradecido, com muitas recorda\u00e7\u00f5es e profunda nostalgia. A pandemia me derrubou\u201d.<\/p>\n<p>\u201cA pol\u00edtica me encanta e n\u00e3o queria ir embora, mas a vida me encanta mais. E, como estou para sair, trato de esticar os minutos que restam\u201d.<\/p>\n<p>Pepe Mujica sofre de uma doen\u00e7a autoimune, o que o for\u00e7ou \u00e0 decis\u00e3o.<\/p>\n<p>Ele ocupou a presid\u00eancia do pa\u00eds de 2010 a 2015 \u2013 e \u00e9 uma refer\u00eancia como homem p\u00fablico da Am\u00e9rica Latina.<\/p>\n<p>&#8230;<\/p>\n<p>Mais uma raz\u00e3o para enaltecer o pa\u00eds-irm\u00e3o.<\/p>\n<p>Confiram seu depoimento no document\u00e1rio <em>Human<\/em>:<\/p>\n<p><iframe loading=\"lazy\" src=\"https:\/\/www.youtube.com\/embed\/FpfsXQKG8vY\" width=\"560\" height=\"315\" frameborder=\"0\" allowfullscreen=\"allowfullscreen\"><\/iframe><\/p>\n<p>&#8230;<\/p>\n<p><em>Leiam tamb\u00e9m:<\/em><\/p>\n<p><a href=\"http:\/\/www.rodolfomartino.com.br\/blog\/o-bom-velhinho\/\"><strong>O bom velhinho<\/strong><\/a><\/p>\n<p>&#8230;<\/p>\n<p>Para os assinantes da NetFlix, h\u00e1 um belo document\u00e1rio sobre o nosso personagem de hoje:<\/p>\n<p><strong>El Pepe, uma vida suprema<\/strong><\/p>\n<p>&#8230;<\/p>\n","protected":false},"excerpt":{"rendered":"<p><em>Foto: Jos\u00e9 Cruz\/Ag\u00eancia Brasil<\/em><\/p>\n<p>&#8230;<\/p>\n<p>Tenho um carinho todo especial pelo Uruguai.<\/p>\n<p>Visitei o pequeno pa\u00eds algumas vezes \u2013 e me encantaran, sempre,<\/p>\n","protected":false},"author":1,"featured_media":19861,"comment_status":"open","ping_status":"open","sticky":false,"template":"","format":"standard","meta":{"_exactmetrics_skip_tracking":false,"_uf_show_specific_survey":0,"_uf_disable_surveys":false,"footnotes":""},"categories":[5],"tags":[204,1672,1671,1673,1674,756],"class_list":["post-24444","post","type-post","status-publish","format-standard","has-post-thumbnail","hentry","category-blog","tag-depoimento","tag-jose-pepe-mujica","tag-montevideu","tag-mujica","tag-renuncia","tag-uruguai"],"_links":{"self":[{"href":"http:\/\/rodolfomartino.com.br\/blog\/wp-json\/wp\/v2\/posts\/24444","targetHints":{"allow":["GET"]}}],"collection":[{"href":"http:\/\/rodolfomartino.com.br\/blog\/wp-json\/wp\/v2\/posts"}],"about":[{"href":"http:\/\/rodolfomartino.com.br\/blog\/wp-json\/wp\/v2\/types\/post"}],"author":[{"embeddable":true,"href":"http:\/\/rodolfomartino.com.br\/blog\/wp-json\/wp\/v2\/users\/1"}],"replies":[{"embeddable":true,"href":"http:\/\/rodolfomartino.com.br\/blog\/wp-json\/wp\/v2\/comments?post=24444"}],"version-history":[{"count":5,"href":"http:\/\/rodolfomartino.com.br\/blog\/wp-json\/wp\/v2\/posts\/24444\/revisions"}],"predecessor-version":[{"id":24449,"href":"http:\/\/rodolfomartino.com.br\/blog\/wp-json\/wp\/v2\/posts\/24444\/revisions\/24449"}],"wp:featuredmedia":[{"embeddable":true,"href":"http:\/\/rodolfomartino.com.br\/blog\/wp-json\/wp\/v2\/media\/19861"}],"wp:attachment":[{"href":"http:\/\/rodolfomartino.com.br\/blog\/wp-json\/wp\/v2\/media?parent=24444"}],"wp:term":[{"taxonomy":"category","embeddable":true,"href":"http:\/\/rodolfomartino.com.br\/blog\/wp-json\/wp\/v2\/categories?post=24444"},{"taxonomy":"post_tag","embeddable":true,"href":"http:\/\/rodolfomartino.com.br\/blog\/wp-json\/wp\/v2\/tags?post=24444"}],"curies":[{"name":"wp","href":"https:\/\/api.w.org\/{rel}","templated":true}]}}