{"id":24450,"date":"2020-10-22T06:15:39","date_gmt":"2020-10-22T06:15:39","guid":{"rendered":"http:\/\/rodolfomartino.com.br\/blog\/?p=24450"},"modified":"2020-10-22T12:48:59","modified_gmt":"2020-10-22T12:48:59","slug":"ha-tempos-que-sao-assim","status":"publish","type":"post","link":"http:\/\/rodolfomartino.com.br\/blog\/ha-tempos-que-sao-assim\/","title":{"rendered":"H\u00e1 dias que s\u00e3o assim&#8230;"},"content":{"rendered":"<p><em>Foto: Arquivo Pessoal<\/em><\/p>\n<p>&#8230;<\/p>\n<p>Creio que sim, Anderson, o depoimento de Dom Pepe Mujica ao document\u00e1rio <em>Human<\/em> pode e deve ser inclu\u00eddo na sequ\u00eancia de textos que publiquei entre os meses de junho e julho aqui em nosso Blog &#8211; e que pessoalmente chamei de <em>A Utopia Nossa de Cada Dia<\/em>.<\/p>\n<p>Vivemos um momento limite, meu caro.<\/p>\n<p>Uma era um tanto quanto obscura que parece dominada pela disc\u00f3rdia e os radicalismos que, levados \u00e0s \u00faltimas consequ\u00eancias, redundam em trag\u00e9dias inimagin\u00e1veis.<\/p>\n<p>Exemplos n\u00e3o faltam, est\u00e3o a\u00ed \u00e0 solta nos notici\u00e1rios.<\/p>\n<p>(Veja essa discuss\u00e3o da compra ou n\u00e3o da vacina chinesa&#8230; S\u00f3 revela a mesquinhez de nossos governantes.)<\/p>\n<p>Essa torpe realidade me motivou, claro \u2013 e voc\u00ea tem raz\u00e3o \u2013 a fazer o resgate da sabedoria de nomes famosos da nossa Literatura, das Artes e do Pensamento Human\u00edstico Contempor\u00e2neo para tentar jogar alguma luz ao que chamo de debate p\u00fablico e cidad\u00e3o.<\/p>\n<p>Dom Pepe, sem d\u00favida, figura entre os grandes.<\/p>\n<p>Sua fala (que postei ao p\u00e9 do texto de ontem) \u00e9 singular.<\/p>\n<p>Minha humilde rever\u00eancia a um dos grandes luminares da Am\u00e9rica Latina e do nosso tempo.<\/p>\n<p>Precisamos de bons exemplos, amigo.<\/p>\n<p>&#8230;<\/p>\n<p>Anderson, meu caro, n\u00e3o lembro ao certo a que turma voc\u00ea pertenceu na Universidade onde eu dava aula sobre um jornalismo que, por vezes (e muitas vezes), pondero n\u00e3o mais existir. Aquele do rep\u00f3rter na rua atr\u00e1s da not\u00edcia. A not\u00edcia dentro de um contexto que lhe d\u00e1 o fundamento e a dimens\u00e3o. A an\u00e1lise dos fatos isenta de outros interesses que n\u00e3o aquele que prop\u00f5e o bem comum. A verdade factual, suprema mat\u00e9ria-prima. O poder de cr\u00edtica \u2013 e sobretudo o da fiscaliza\u00e7\u00e3o dos poderes p\u00fablicos.<\/p>\n<p>Ressalto: de todos os poderes p\u00fablicos, em todos os \u00e2mbitos; pois, tais mazelas \u00e9 que nos induzem fortemente ao atraso e, sobretudo, \u00e0 falta de justi\u00e7a social.<\/p>\n<p>Desde dos idos de Franco Montoro como governador de S\u00e3o Paulo, ou\u00e7o a conversa de que os riscos est\u00e3o mais ricos e os pobres cada vez mais pobres.<\/p>\n<p>Como mudar essa desumana realidade?<br \/>\n\u2026<\/p>\n<p>Rapaz, com esse discurso, voc\u00ea vai imaginar que me transformei num velhote ranheta e triste.<\/p>\n<p>Ent\u00e3o&#8230;<\/p>\n<p>Confesso que me \u00e9 quase imposs\u00edvel fugir ao estere\u00f3tipo.<\/p>\n<p>Mas, bem que tentar eu tento, cara.<\/p>\n<p>C\u00e9tico no pensamento, otimista na a\u00e7\u00e3o. Gramsci, lembra?<\/p>\n<p>&#8230;<\/p>\n<p>Se h\u00e1 algo em que acredito, ainda, \u00e9 no potencial de mudan\u00e7a que caracteriza as novas gera\u00e7\u00f5es. Inclua-se entre as tais. Voc\u00ea, o Vit\u00e3o, a Ilenia, a Mariana, a Roberta e outros tantos ex-alunos e amigos que, vez ou outra, lembram-se deste professor-trapalh\u00e3o e seus ditos e escritos.<\/p>\n<p>A partir de voc\u00eas, tenho clareza de que algo de muito bom est\u00e1 acontecendo ainda que hoje n\u00e3o consigamos ver e enxergar, pois os tempos s\u00e3o nebulosos, tristes e marcados pela ignom\u00ednia de insanos e perversos.<\/p>\n<p>H\u00e1 dias que s\u00e3o assim, rapaz.<\/p>\n<p>A Hist\u00f3ria mostra isso.<\/p>\n<p>(Lembra as aulas do prof. Faro, pois ent\u00e3o\u2026)<\/p>\n<p>\u2026<\/p>\n<p>S\u00e3o tempos \u00e1ridos, de transi\u00e7\u00e3o, amigo.<\/p>\n<p>Eu, embicando nos 70 (pois \u00e9, acredite!), posso me fazer um tanto desalentado, ter os passos arrastados e, vez ou outra, lamentar o caminho que se perdeu e os descalabros que hoje se apresentam.<\/p>\n<p>Voc\u00ea, n\u00e3o, meu caro\u2026<\/p>\n<p>&#8230;<\/p>\n<p>Diria mais \u2013 e melhor:<\/p>\n<p>Voc\u00eas, n\u00e3o, meus caros\u2026<\/p>\n<p>Voc\u00eas est\u00e3o hoje \u00e0 frente dos atos e fatos.<\/p>\n<p>S\u00e3o voc\u00eas que v\u00e3o mudar o mundo.<\/p>\n<p>Pra melhor, tenho certeza.<\/p>\n<p>\u00c0 luta, rapaziada&#8230;<\/p>\n<p>&#8230;<\/p>\n<p><iframe loading=\"lazy\" src=\"https:\/\/www.youtube.com\/embed\/5Fa0tX6MjVw\" width=\"560\" height=\"315\" frameborder=\"0\" allowfullscreen=\"allowfullscreen\"><\/iframe><\/p>\n<p>&#8230;<\/p>\n<p><em>Guerra \u00e9 isso que poderia ser evitado se os homens vivessem em paz. (Mill\u00f4r)<\/em><\/p>\n<p>&#8230;<\/p>\n<p>&nbsp;<\/p>\n","protected":false},"excerpt":{"rendered":"<p><em>Foto: Arquivo Pessoal<\/em><\/p>\n<p>&#8230;<\/p>\n<p>Creio que sim, Anderson, o depoimento de Dom Pepe Mujica ao document\u00e1rio <em>Human<\/em> pode e deve ser inclu\u00eddo na sequ\u00eancia de textos que publiquei entre os meses de junho e julho aqui em nosso Blog &#8211;<\/p>\n","protected":false},"author":1,"featured_media":22755,"comment_status":"open","ping_status":"open","sticky":false,"template":"","format":"standard","meta":{"_exactmetrics_skip_tracking":false,"_uf_show_specific_survey":0,"_uf_disable_surveys":false,"footnotes":""},"categories":[5],"tags":[1121,1676,1678,1677,44,1675,1679],"class_list":["post-24450","post","type-post","status-publish","format-standard","has-post-thumbnail","hentry","category-blog","tag-anderson","tag-dom-pepe","tag-gramsci","tag-ha-tempos-que-sao-assim","tag-jornalismo","tag-jose-mujica","tag-momento-limite"],"_links":{"self":[{"href":"http:\/\/rodolfomartino.com.br\/blog\/wp-json\/wp\/v2\/posts\/24450","targetHints":{"allow":["GET"]}}],"collection":[{"href":"http:\/\/rodolfomartino.com.br\/blog\/wp-json\/wp\/v2\/posts"}],"about":[{"href":"http:\/\/rodolfomartino.com.br\/blog\/wp-json\/wp\/v2\/types\/post"}],"author":[{"embeddable":true,"href":"http:\/\/rodolfomartino.com.br\/blog\/wp-json\/wp\/v2\/users\/1"}],"replies":[{"embeddable":true,"href":"http:\/\/rodolfomartino.com.br\/blog\/wp-json\/wp\/v2\/comments?post=24450"}],"version-history":[{"count":5,"href":"http:\/\/rodolfomartino.com.br\/blog\/wp-json\/wp\/v2\/posts\/24450\/revisions"}],"predecessor-version":[{"id":24455,"href":"http:\/\/rodolfomartino.com.br\/blog\/wp-json\/wp\/v2\/posts\/24450\/revisions\/24455"}],"wp:featuredmedia":[{"embeddable":true,"href":"http:\/\/rodolfomartino.com.br\/blog\/wp-json\/wp\/v2\/media\/22755"}],"wp:attachment":[{"href":"http:\/\/rodolfomartino.com.br\/blog\/wp-json\/wp\/v2\/media?parent=24450"}],"wp:term":[{"taxonomy":"category","embeddable":true,"href":"http:\/\/rodolfomartino.com.br\/blog\/wp-json\/wp\/v2\/categories?post=24450"},{"taxonomy":"post_tag","embeddable":true,"href":"http:\/\/rodolfomartino.com.br\/blog\/wp-json\/wp\/v2\/tags?post=24450"}],"curies":[{"name":"wp","href":"https:\/\/api.w.org\/{rel}","templated":true}]}}