{"id":24459,"date":"2020-10-24T06:15:08","date_gmt":"2020-10-24T06:15:08","guid":{"rendered":"http:\/\/rodolfomartino.com.br\/blog\/?p=24459"},"modified":"2020-10-23T19:14:15","modified_gmt":"2020-10-23T19:14:15","slug":"pele-80-anos-salve-o-rei-2","status":"publish","type":"post","link":"http:\/\/rodolfomartino.com.br\/blog\/pele-80-anos-salve-o-rei-2\/","title":{"rendered":"Pel\u00e9. 80 anos. O Rei do Futebol &#8211; 2"},"content":{"rendered":"<p><em>Foto\/ Reprodu\u00e7\u00e3o: livro &#8220;Pel\u00e9 &#8211; Minha vida em imagens&#8221;<\/em><\/p>\n<p>&#8230;<\/p>\n<p>&nbsp;<\/p>\n<p><strong>(2) &#8211; Os novos Pel\u00e9s. Muitos assim foram chamados&#8230;<\/strong><\/p>\n<p>&nbsp;<\/p>\n<p>Retomo o papo de hoje por onde ontem terminei.<\/p>\n<p>Pel\u00e9, primeiro e \u00fanico.<\/p>\n<p>Uma fato curioso \u2013 e, creio, natural \u2013 aconteceu assim que a dimens\u00e3o do fen\u00f4meno (este, sim) Pel\u00e9 se consolidou no mundo todo dando inclusive ao futebol como esporte uma universalidade que at\u00e9 ent\u00e3o n\u00e3o tinha.<\/p>\n<p>A cada garoto negro, bom de bola, que aparecia, era inevit\u00e1vel o apelido de &#8220;Pel\u00e9zinho&#8221;- e, nas lides do futebol profissional, pintava, aqui e ali, mil e uma possibilidades de surgir um novo Pel\u00e9.<\/p>\n<p>Alguns craques do passado pagaram um certo \u2018ped\u00e1gio\u2019 nessas compara\u00e7\u00f5es.<\/p>\n<p>&#8230;<\/p>\n<p>No pr\u00f3prio Santos, assim que Coutinho surgiu aos 17 anos, houve quem o visse como o novo Rei.<\/p>\n<p>N\u00e3o demorou a que todos, por\u00e9m, entendessem que Pel\u00e9 era Pel\u00e9, primeiro e \u00fanico, e Coutinho, embora um refinado atacante, ficava alguns patamares abaixo.<\/p>\n<p>Edu, o driblador Edu, um dos melhores pontas esquerdas que vi jogar, tamb\u00e9m foi alvo de algumas insinua\u00e7\u00f5es nesse sentido. At\u00e9 porque chegou \u00e0 sele\u00e7\u00e3o brasileira com 17 anos, igual a Pel\u00e9.<\/p>\n<p>&#8230;<\/p>\n<p>Nas outras agremia\u00e7\u00f5es, tamb\u00e9m se faziam as mesmas analogias.<\/p>\n<p>O atacante Nei, do Corinthians do in\u00edcio dos anos 60, chegou a receber o apelido de &#8220;Pr\u00edncipe&#8221;, mas n\u00e3o demorou para frustrar a esperan\u00e7a dos apressadinhos.<\/p>\n<p>Na verdade, quem melhor desfilou com a alcunha de \u201cPr\u00edncipe\u201d, especialmente no futebol paulista, foi Ivair, ponta-de-lan\u00e7a da Portuguesa. Seu bom futebol provocou grande interesse nos demais clubes brasileiros. Passou pelo Fluminense, pelo Corinthians, pelo Am\u00e9rica do Rio, entre outros clubes. Mas, viveu seu momento mais esplendoroso na pr\u00f3pria Lusa.<\/p>\n<p>&#8230;<\/p>\n<p>Havia um camisa 10 no aspirante do Palmeiras em fins da d\u00e9cada de 60 que brilhava, com insinuante toque de bola e muitos gols. Seu nome, Luiz Carlos. Apelido: Feij\u00e3o.<\/p>\n<p>Para boa parte da torcida palmeirense, que chegava cedo ao est\u00e1dio para v\u00ea-lo jogar, era o novo Pel\u00e9.<\/p>\n<p>Feij\u00e3o chegou (se bem me lembro) a fazer o papel do pr\u00f3prio Pel\u00e9 em um filme que contou a carreira do Rei. N\u00e3o sei como se saiu na interpreta\u00e7\u00e3o do menino Pel\u00e9; no campo de jogo, efetivamente n\u00e3o brilhou e nunca foi titular do Verd\u00e3o.<\/p>\n<p>&#8230;<\/p>\n<p>O artilheiro Juari, tamb\u00e9m no Santos, foi outro a quem chamaram de &#8220;Pel\u00e9zinho&#8221;. Meados dos anos 70, creio. Mas foi por pouco tempo. Logo Juari viajou para a It\u00e1lia e l\u00e1 fez uma carreira de m\u00e9dia para boa.<\/p>\n<p>Quando Robinho Pedalada apareceu, todos se encantaram com a nova safra dos \u201cMeninos da Vila\u201d. Mas, felizmente, ningu\u00e9m ousou compar\u00e1-lo a Pel\u00e9. Com Neymar, aconteceu a mesma coisa \u2013 embora, particularmente eu ache que, em termos de talento, foi o que mais se aproximou daquele exibido por Pel\u00e9 por duas d\u00e9cadas e tanto.<\/p>\n<p>Percebam!<\/p>\n<p>Eu disse \u2018talento que se aproximou\u2019, pois Pel\u00e9 continua sendo (e sempre ser\u00e1) primeiro e \u00fanico.<\/p>\n<p>&#8230;<\/p>\n<p><iframe loading=\"lazy\" src=\"https:\/\/www.youtube.com\/embed\/MvsMxPxUNk8\" width=\"560\" height=\"315\" frameborder=\"0\" allowfullscreen=\"allowfullscreen\"><\/iframe><\/p>\n<p>&#8230;<\/p>\n<p><strong><em>* Texto publicado originalmente em 24\/102015<\/em><\/strong><\/p>\n<div class=\"custom-signature\"><\/div>\n","protected":false},"excerpt":{"rendered":"<p><em>Foto\/ Reprodu\u00e7\u00e3o: livro &#8220;Pel\u00e9 &#8211; Minha vida em imagens&#8221;<\/em><\/p>\n<p>&#8230;<\/p>\n<p>&nbsp;<\/p>\n<p><strong>(2) &#8211; Os novos Pel\u00e9s. Muitos assim foram chamados&#8230;<\/strong><\/p>\n<p>&nbsp;<\/p>\n","protected":false},"author":1,"featured_media":20499,"comment_status":"open","ping_status":"open","sticky":false,"template":"","format":"standard","meta":{"_exactmetrics_skip_tracking":false,"_uf_show_specific_survey":0,"_uf_disable_surveys":false,"footnotes":""},"categories":[5],"tags":[730,75,1681,147,1680],"class_list":["post-24459","post","type-post","status-publish","format-standard","has-post-thumbnail","hentry","category-blog","tag-80-anos","tag-futebol","tag-os-novos-peles","tag-pele","tag-rei-do-futebol"],"_links":{"self":[{"href":"http:\/\/rodolfomartino.com.br\/blog\/wp-json\/wp\/v2\/posts\/24459","targetHints":{"allow":["GET"]}}],"collection":[{"href":"http:\/\/rodolfomartino.com.br\/blog\/wp-json\/wp\/v2\/posts"}],"about":[{"href":"http:\/\/rodolfomartino.com.br\/blog\/wp-json\/wp\/v2\/types\/post"}],"author":[{"embeddable":true,"href":"http:\/\/rodolfomartino.com.br\/blog\/wp-json\/wp\/v2\/users\/1"}],"replies":[{"embeddable":true,"href":"http:\/\/rodolfomartino.com.br\/blog\/wp-json\/wp\/v2\/comments?post=24459"}],"version-history":[{"count":5,"href":"http:\/\/rodolfomartino.com.br\/blog\/wp-json\/wp\/v2\/posts\/24459\/revisions"}],"predecessor-version":[{"id":24476,"href":"http:\/\/rodolfomartino.com.br\/blog\/wp-json\/wp\/v2\/posts\/24459\/revisions\/24476"}],"wp:featuredmedia":[{"embeddable":true,"href":"http:\/\/rodolfomartino.com.br\/blog\/wp-json\/wp\/v2\/media\/20499"}],"wp:attachment":[{"href":"http:\/\/rodolfomartino.com.br\/blog\/wp-json\/wp\/v2\/media?parent=24459"}],"wp:term":[{"taxonomy":"category","embeddable":true,"href":"http:\/\/rodolfomartino.com.br\/blog\/wp-json\/wp\/v2\/categories?post=24459"},{"taxonomy":"post_tag","embeddable":true,"href":"http:\/\/rodolfomartino.com.br\/blog\/wp-json\/wp\/v2\/tags?post=24459"}],"curies":[{"name":"wp","href":"https:\/\/api.w.org\/{rel}","templated":true}]}}