{"id":24461,"date":"2020-10-25T06:15:11","date_gmt":"2020-10-25T06:15:11","guid":{"rendered":"http:\/\/rodolfomartino.com.br\/blog\/?p=24461"},"modified":"2020-10-25T14:45:37","modified_gmt":"2020-10-25T14:45:37","slug":"pele-80-anos-salve-o-rei-3","status":"publish","type":"post","link":"http:\/\/rodolfomartino.com.br\/blog\/pele-80-anos-salve-o-rei-3\/","title":{"rendered":"Pel\u00e9. 80 anos. O Rei do Futebol &#8211; 3"},"content":{"rendered":"<header class=\"post-header\">\n<div><em>Foto: Acervo CBF<\/em><\/div>\n<div class=\"meta-space-top\"><span class=\"posted-on\"><i class=\"hs hs-calendar\"><\/i><strong>&#8230;\u00a0<\/strong><\/span><\/div>\n<div><\/div>\n<div class=\"meta-space-top\"><span class=\"posted-on\"><strong>(3) &#8211; Primeiro e \u00fanico. A unanimidade<\/strong><\/span><\/div>\n<div><\/div>\n<div class=\"meta-space-top\">O pai dizia que Mazzola (o nosso Jos\u00e9 Altafini) era o melhor de todos.<\/div>\n<\/header>\n<div class=\"post_content\">\n<div class=\"isopad\">\n<p>Mas, tinha l\u00e1 suas d\u00favidas.<\/p>\n<p>Um amigo italiano do Velho Aldo (que ainda era jovem naquele tempo) defendia que o bom mesmo era o Valentino Mazzola, do Torino (It\u00e1lia) que conquistara duas vezes o<em> scudetto<\/em> pelo clube da Lombardia e, de resto, inspirou o apelido do goleador palmeirense. Por ser loirinho e bom de bola.<\/p>\n<p>Tio Toninho n\u00e3o concordava. Zizinho era o melhor de todos. N\u00e3o era convicto na opini\u00e3o, pois havia dias em que se referia a Le\u00f4nidas da Silva, o <em>Diamante Negro<\/em>, como o maioral.<\/p>\n<p>O tio era s\u00e3o-paulino, \u00f3bvio.<\/p>\n<p><em>Seo<\/em> Sime\u00e3o, corintiano de poucas palavras, pai dos meus amigos Claudinho e Toninho, n\u00e3o queria entrar em discuss\u00e3o. Para ele, Luizinho, Claudio Crist\u00f3v\u00e3o Pinho e Baltazar (o Cabecinha de Ouro) eram imbat\u00edveis. Se bem que o Rafael Chiarelli era um craque refinado.<\/p>\n<p>O v\u00f4 Carlito, ciente das suas origens \u2013 nasceu em Cascatinha, no Rio de Janeiro -, falava de um certo Dida, do Flamengo , mas fazia quest\u00e3o de ressaltar outros candidatos a melhor de todos. Eram craques do passado como Arthur Friedenreich, Araken Patuska, Heleno de Freitas, entre outros tantos e tamanhos.<\/p>\n<p>&#8230;<\/p>\n<p>A escolha era dif\u00edcil e variava de acordo com a simpatia e a torcida de cada um. At\u00e9 que na Copa do Mundo de 1958 apareceu aquele garoto franzino de 17 anos e o Brasil conquistou seu primeiro t\u00edtulo mundial.<\/p>\n<p>A partir de ent\u00e3o, fez a luz.<\/p>\n<p>Ou melhor, fez-se a unanimidade.<\/p>\n<p>Pel\u00e9 era (e \u00e9) o Rei do Futebol.<\/p>\n<p>&#8230;<\/p>\n<p>Na boa, sem querer fazer a apologia dos tempos idos e vividos, n\u00e3o h\u00e1 termo de compara\u00e7\u00e3o entre Pel\u00e9 e os que vieram depois.<\/p>\n<p>Todos sabemos dos seus feitos \u2013 e, ali\u00e1s, as reportagens desta semana, no dia de seu anivers\u00e1rio, rememoram seus 80 anos de vida comprovam bem a inating\u00edvel dimens\u00e3o de \u201cO Atleta do S\u00e9culo\u201d.<\/p>\n<p>De todos os s\u00e9culos!!!<\/p>\n<p>&#8230;<\/p>\n<p><iframe loading=\"lazy\" src=\"https:\/\/www.youtube.com\/embed\/9GqrYOvw8t8\" width=\"560\" height=\"315\" frameborder=\"0\" allowfullscreen=\"allowfullscreen\"><\/iframe><\/p>\n<p>&#8230;<\/p>\n<p><em><strong>* Texto escrito originalmente\u00a0 em 23\/10\/2015. Fiz uma breve atualiza\u00e7\u00e3o. Minha homenagem ao Rei do Futebol.\u00a0Parab\u00e9ns, Edson Arantes do Nascimento. Pel\u00e9, primeiro e \u00fanico.<\/strong><\/em><\/p>\n<\/div>\n<\/div>\n","protected":false},"excerpt":{"rendered":"<p><em>Foto: Acervo CBF<\/em><br \/>\n<i class=\"hs hs-calendar\"><\/i><strong>&#8230;\u00a0<\/strong><\/p>\n<p><strong>(3) &#8211; Primeiro e \u00fanico. A unanimidade<\/strong><\/p>\n<p>O pai dizia que Mazzola (o nosso Jos\u00e9 Altafini) era o melhor de todos.<\/p>\n","protected":false},"author":1,"featured_media":23168,"comment_status":"open","ping_status":"open","sticky":false,"template":"","format":"standard","meta":{"_exactmetrics_skip_tracking":false,"_uf_show_specific_survey":0,"_uf_disable_surveys":false,"footnotes":""},"categories":[5],"tags":[730,1682,75,1683,147],"class_list":["post-24461","post","type-post","status-publish","format-standard","has-post-thumbnail","hentry","category-blog","tag-80-anos","tag-edson-arantes-do-nascimento","tag-futebol","tag-o-rei-do-futebol","tag-pele"],"_links":{"self":[{"href":"http:\/\/rodolfomartino.com.br\/blog\/wp-json\/wp\/v2\/posts\/24461","targetHints":{"allow":["GET"]}}],"collection":[{"href":"http:\/\/rodolfomartino.com.br\/blog\/wp-json\/wp\/v2\/posts"}],"about":[{"href":"http:\/\/rodolfomartino.com.br\/blog\/wp-json\/wp\/v2\/types\/post"}],"author":[{"embeddable":true,"href":"http:\/\/rodolfomartino.com.br\/blog\/wp-json\/wp\/v2\/users\/1"}],"replies":[{"embeddable":true,"href":"http:\/\/rodolfomartino.com.br\/blog\/wp-json\/wp\/v2\/comments?post=24461"}],"version-history":[{"count":8,"href":"http:\/\/rodolfomartino.com.br\/blog\/wp-json\/wp\/v2\/posts\/24461\/revisions"}],"predecessor-version":[{"id":24483,"href":"http:\/\/rodolfomartino.com.br\/blog\/wp-json\/wp\/v2\/posts\/24461\/revisions\/24483"}],"wp:featuredmedia":[{"embeddable":true,"href":"http:\/\/rodolfomartino.com.br\/blog\/wp-json\/wp\/v2\/media\/23168"}],"wp:attachment":[{"href":"http:\/\/rodolfomartino.com.br\/blog\/wp-json\/wp\/v2\/media?parent=24461"}],"wp:term":[{"taxonomy":"category","embeddable":true,"href":"http:\/\/rodolfomartino.com.br\/blog\/wp-json\/wp\/v2\/categories?post=24461"},{"taxonomy":"post_tag","embeddable":true,"href":"http:\/\/rodolfomartino.com.br\/blog\/wp-json\/wp\/v2\/tags?post=24461"}],"curies":[{"name":"wp","href":"https:\/\/api.w.org\/{rel}","templated":true}]}}