{"id":24478,"date":"2020-10-26T06:15:21","date_gmt":"2020-10-26T06:15:21","guid":{"rendered":"http:\/\/rodolfomartino.com.br\/blog\/?p=24478"},"modified":"2020-10-26T18:27:38","modified_gmt":"2020-10-26T18:27:38","slug":"mas-ele-era-isso-tudo-mesmo","status":"publish","type":"post","link":"http:\/\/rodolfomartino.com.br\/blog\/mas-ele-era-isso-tudo-mesmo\/","title":{"rendered":"Mas, Ele era isso tudo mesmo?"},"content":{"rendered":"<p><em>Foto: J\u00f4 Rabelo<\/em><\/p>\n<p>&#8230;<\/p>\n<p>Gosto de futebol. Muito.<\/p>\n<p>\u00c9 bem verdade que j\u00e1 gostei mais. Muito mais.<\/p>\n<p>Especialmente antes da invencionice do VAR que, ao menos no Brasil, consegue institucionalizar e transformar em trama o eventual erro da arbitragem.<\/p>\n<p>&#8230;<\/p>\n<p>Gosto de escrever sobre futebol.<\/p>\n<p>S\u00f3 n\u00e3o escrevo mais porque j\u00e1 tem gente demais palpitando sobre o assunto.<\/p>\n<p>Tamb\u00e9m porque sempre ponho em d\u00favida minha imparcialidade em termos das coisas que envolvem o clube para o qual eu tor\u00e7o. <em>Avanti Palestra<\/em>!<\/p>\n<p>Por for\u00e7a dos fatos e das efem\u00e9rides, no entanto, n\u00e3o me furto em dar meus pitacos aqui no Blog sempre que aparece a oportunidade.<\/p>\n<p>Sou &#8211; ou fui &#8211; s\u00f3cio n\u00famero 637 da ACEESP &#8211; Associa\u00e7\u00e3o dos Cronistas Esportivos do Estado de S\u00e3o Paulo. Desisti quando me proibiram de entrar de bermudas no est\u00e1dio numa tarde ensolarada de mais de 30 graus \u00e0 sombra.<\/p>\n<p>Enfim&#8230;<\/p>\n<p>Gosto de falar de futebol; n\u00e3o de dissertar sobre tema t\u00e3o popular.<\/p>\n<p>&#8230;<\/p>\n<p>Foi o caso do anivers\u00e1rio de 80 anos do melhor jogador de todos os tempos, Edson Arantes do Nascimento, Pel\u00e9, o Atleta do S\u00e9culo, o Rei, primeiro e \u00fanico.<\/p>\n<p>Resgatei da mem\u00f3ria do <em>Site\/Blog<\/em> tr\u00eas hist\u00f3rias e as publiquei, assim, como singela homenagem.<\/p>\n<p>Tiveram agrad\u00e1vel repercuss\u00e3o: coment\u00e1rios no whatsapp, lembran\u00e7as de outros grandes momentos da jornada do Rei, hist\u00f3rias paralelas que amigos viveram e\/ou presenciaram, al\u00e9m, \u00f3bvio,\u00a0 das inevit\u00e1veis perguntas:<\/p>\n<p>&#8211; Mas, Ele era tudo isso mesmo?<\/p>\n<p>&#8211; Depois dele, quem \u00e9 o melhor?<\/p>\n<p>Justific\u00e1veis os questionamentos &#8211; especialmente feitos pela rapaziada que n\u00e3o o viu jogar.<\/p>\n<p>&#8230;<\/p>\n<p>Fa\u00e7o a seguir um arrazoado do que escrevi aos amigos nessas conversas &#8211; e passo a r\u00e9gua no tema, prometo.<\/p>\n<p>Ent\u00e3o, vou lhes contar:<\/p>\n<p><img loading=\"lazy\" decoding=\"async\" class=\"size-medium wp-image-17915 alignleft\" src=\"http:\/\/rodolfomartino.com.br\/blog\/wp-content\/uploads\/2017\/10\/pele-202x300.jpg\" alt=\"\" width=\"202\" height=\"300\" srcset=\"http:\/\/rodolfomartino.com.br\/blog\/wp-content\/uploads\/2017\/10\/pele-202x300.jpg 202w, http:\/\/rodolfomartino.com.br\/blog\/wp-content\/uploads\/2017\/10\/pele-336x500.jpg 336w, http:\/\/rodolfomartino.com.br\/blog\/wp-content\/uploads\/2017\/10\/pele-340x506.jpg 340w, http:\/\/rodolfomartino.com.br\/blog\/wp-content\/uploads\/2017\/10\/pele-177x263.jpg 177w, http:\/\/rodolfomartino.com.br\/blog\/wp-content\/uploads\/2017\/10\/pele.jpg 402w\" sizes=\"auto, (max-width: 202px) 100vw, 202px\" \/>O garoto entre 11 e 14 anos ia ao est\u00e1dio ver o time do cora\u00e7\u00e3o jogar contra o Santos.<\/p>\n<p>A bem da verdade, n\u00e3o sabia ao certo como iria se comportar.<\/p>\n<p>J\u00e1 levava consigo, pois, a sensa\u00e7\u00e3o do que Ele faria em campo:<\/p>\n<p>1 &#8211; Qual seria a jogada m\u00e1gica e inesperada?<\/p>\n<p>2 &#8211; Em que momento da partida, faria, num gol sensacional ou num drible desconcertante, abrir nosso ba\u00fa de espantos?<\/p>\n<p>Era docemente tenso.<\/p>\n<p>Assim fic\u00e1vamos at\u00e9 que o juiz encerrasse a partida. E os nossos cora\u00e7\u00f5es voltavam a ter o batimento normal. Tum&#8230;Tum&#8230; Tum&#8230;<\/p>\n<p>N\u00e3o preciso dizer, mas digor:<\/p>\n<p>1 &#8211; Pel\u00e9 centralizava todas as aten\u00e7\u00f5es.<\/p>\n<p>2 &#8211; Todos os lances do jogo\u00a0 pareciam fundir-se para levar a bola, reverente e cativa, at\u00e9 Ele.<\/p>\n<p>3 &#8211; Era imposs\u00edvel n\u00e3o se encantar.<\/p>\n<p>&#8230;<\/p>\n<p>Garotos suburbanos, \u00edamos a todos os jogos no Pacaembu.<\/p>\n<p>Jogasse quem jogasse.<\/p>\n<p>Se fosse o Santos de Pel\u00e9, era a d\u00e1diva.<\/p>\n<p>N\u00e3o pag\u00e1vamos ingresso para entrar. O guri s\u00f3 precisava estar acompanhado de algum adulto.<\/p>\n<p>Por isso, n\u00e3o.<\/p>\n<p>Fic\u00e1vamos \u00e0 frente dos port\u00e3o principal &#8211; e ped\u00edamos, na cara dura, para entrar junto com o primeiro marmanjo que passasse.<\/p>\n<p>L\u00e1 dentro rein\u00e1vamos tamb\u00e9m. Faz\u00edamos a festa!<\/p>\n<p>&#8230;<\/p>\n<p>A bem da verdade, a bagun\u00e7a j\u00e1 come\u00e7ava no \u00f4nibus.<\/p>\n<p>Entr\u00e1vamos e ficava a turma toda na parte de tr\u00e1s sem passar pela catraca.<\/p>\n<p>Quando o coletivo estava chegando a alguns quarteir\u00f5es do est\u00e1dio, come\u00e7\u00e1vamos a zoeira.<\/p>\n<p>Fal\u00e1vamos alto, cant\u00e1vamos musiquinhas toscas, de versos d\u00fabios.<\/p>\n<p>Tipo:<\/p>\n<p><em>&#8220;Aclima\u00e7\u00e3o, bairro da perdi\u00e7\u00e3o.<\/em><\/p>\n<p><em>De dia, d\u00e1 tarado.<\/em><\/p>\n<p><em>De noite, d\u00e1 ladr\u00e3o.<\/em><\/p>\n<p><em>De dia, falta \u00e1gua.<\/em><\/p>\n<p><em>De noite, confus\u00e3o.<\/em><\/p>\n<p><em>Se entro no \u00f4nibus, est\u00e1 imundo.<\/em><\/p>\n<p><em>O cobrador \u00e9 um vagabundo.&#8221;<\/em><\/p>\n<p>&#8230;<\/p>\n<p>O motorista, ent\u00e3o, ciente do seu of\u00edcio, parava o ve\u00edculo &#8211; e, para p\u00f4r ordem na coisa, nos obrigava a descer pela mesma porta que entramos.<\/p>\n<p>Assim economiz\u00e1vamos os troquinhos da passagem.<\/p>\n<p>Na volta, caminh\u00e1vamos pela avenida Pacaembu, depois pela avenida S\u00e3o Jo\u00e3o at\u00e9 o ponto do bonde na Pra\u00e7a Jo\u00e3o Mendes para chegar \u00e0 rua Lavap\u00e9s.<\/p>\n<p>N\u00e3o t\u00ednhamos pressa.<\/p>\n<p>Volt\u00e1vamos maravilhados. Orgulhosos.<\/p>\n<p>\u00c9ramos os meninos que viram o Pel\u00e9 jogar.<\/p>\n<p>&#8230;<\/p>\n<p>Quanto \u00e0 segunda quest\u00e3o, creio, n\u00e3o h\u00e1 d\u00favida para os maiores de 60.<\/p>\n<p>Depois de Pel\u00e9, quase l\u00e1, bem pertinho mesmo, s\u00f3 o Man\u00e9.<\/p>\n<p>Isso mesmo, Man\u00e9 Garrincha, o Anjo das Pernas Tortas.<\/p>\n<p>Sem trela para discuss\u00f5es.<\/p>\n<p>&#8221; Para Man\u00e9 Garrincha&#8221;, ensinou mestre Armando Nogueira, o melhor texto do jornalismo esportivo brazuca, &#8220;o pequeno espa\u00e7o de um guardanapo era um latif\u00fandio&#8221;.<\/p>\n<p>De resto, aplausos para Didi, Cruyff, Beckenbauer, Di Stefano, Euz\u00e9bio, Maradona, Messi, Cristiano Ronaldo e outros raros que fizeram a bela hist\u00f3ria do Planeta Bola.<\/p>\n<p>Aplausos e loas e proas.<\/p>\n<p>Mas, n\u00e3o se comparam&#8230;<\/p>\n<p>E ponto &#8211; e basta!<\/p>\n<p>&#8230;<\/p>\n<p><iframe loading=\"lazy\" src=\"https:\/\/www.youtube.com\/embed\/HcXVDBolvvU\" width=\"560\" height=\"315\" frameborder=\"0\" allowfullscreen=\"allowfullscreen\"><\/iframe><\/p>\n<p>&#8230;<\/p>\n<p><em>* Reparem que grafei Ele em caixa-alta, minha sincera rever\u00eancia ao deus do Planeta Bola.<\/em><\/p>\n<p>&nbsp;<\/p>\n<p>&nbsp;<\/p>\n","protected":false},"excerpt":{"rendered":"<p><em>Foto: J\u00f4 Rabelo<\/em><\/p>\n<p>&#8230;<\/p>\n<p>Gosto de futebol. Muito.<\/p>\n<p>\u00c9 bem verdade que j\u00e1 gostei mais. Muito mais.<\/p>\n<p>Especialmente antes da invencionice do VAR que,<\/p>\n","protected":false},"author":1,"featured_media":18846,"comment_status":"open","ping_status":"open","sticky":false,"template":"","format":"standard","meta":{"_exactmetrics_skip_tracking":false,"_uf_show_specific_survey":0,"_uf_disable_surveys":false,"footnotes":""},"categories":[5],"tags":[730,1688,498,135,147,223],"class_list":["post-24478","post","type-post","status-publish","format-standard","has-post-thumbnail","hentry","category-blog","tag-80-anos","tag-garrincha","tag-jornalismo-esportivo","tag-memoria","tag-pele","tag-quem-e-melhor"],"_links":{"self":[{"href":"http:\/\/rodolfomartino.com.br\/blog\/wp-json\/wp\/v2\/posts\/24478","targetHints":{"allow":["GET"]}}],"collection":[{"href":"http:\/\/rodolfomartino.com.br\/blog\/wp-json\/wp\/v2\/posts"}],"about":[{"href":"http:\/\/rodolfomartino.com.br\/blog\/wp-json\/wp\/v2\/types\/post"}],"author":[{"embeddable":true,"href":"http:\/\/rodolfomartino.com.br\/blog\/wp-json\/wp\/v2\/users\/1"}],"replies":[{"embeddable":true,"href":"http:\/\/rodolfomartino.com.br\/blog\/wp-json\/wp\/v2\/comments?post=24478"}],"version-history":[{"count":8,"href":"http:\/\/rodolfomartino.com.br\/blog\/wp-json\/wp\/v2\/posts\/24478\/revisions"}],"predecessor-version":[{"id":24488,"href":"http:\/\/rodolfomartino.com.br\/blog\/wp-json\/wp\/v2\/posts\/24478\/revisions\/24488"}],"wp:featuredmedia":[{"embeddable":true,"href":"http:\/\/rodolfomartino.com.br\/blog\/wp-json\/wp\/v2\/media\/18846"}],"wp:attachment":[{"href":"http:\/\/rodolfomartino.com.br\/blog\/wp-json\/wp\/v2\/media?parent=24478"}],"wp:term":[{"taxonomy":"category","embeddable":true,"href":"http:\/\/rodolfomartino.com.br\/blog\/wp-json\/wp\/v2\/categories?post=24478"},{"taxonomy":"post_tag","embeddable":true,"href":"http:\/\/rodolfomartino.com.br\/blog\/wp-json\/wp\/v2\/tags?post=24478"}],"curies":[{"name":"wp","href":"https:\/\/api.w.org\/{rel}","templated":true}]}}