{"id":24501,"date":"2020-10-28T06:15:03","date_gmt":"2020-10-28T06:15:03","guid":{"rendered":"http:\/\/rodolfomartino.com.br\/blog\/?p=24501"},"modified":"2020-10-28T13:03:46","modified_gmt":"2020-10-28T13:03:46","slug":"mauricio-um-brasileiro","status":"publish","type":"post","link":"http:\/\/rodolfomartino.com.br\/blog\/mauricio-um-brasileiro\/","title":{"rendered":"Maur\u00edcio. Um brasileiro"},"content":{"rendered":"<p><em>Foto: TV Brasil\/Acervo<\/em><\/p>\n<p>&#8230;<\/p>\n<p>Maur\u00edcio de Sousa completou 85 anos ontem (dia 27). Todo sorridente, cheio de planos para a sua incr\u00edvel Turma da M\u00f4nica. Fala agora em tornar os personagens\u00a0 adultos &#8211; e assim dar uma sequ\u00eancia bacana para Casc\u00e3o, Cebolinha, Bid\u00fa &amp; Cia, al\u00e9m da pr\u00f3pria, \u00f3bvio.<\/p>\n<p>Eu o vi numa breve entrevista na TV. Uma vez mais, o aplaudi de p\u00e9 como raro (e bem-sucedido) exemplo de otimismo, trabalho e determina\u00e7\u00e3o. Mesmo em tempos t\u00e3o \u00e1ridos num pa\u00eds desgovernado que n\u00e3o prioriza a cultura.<\/p>\n<p>Um empreendedor de sonhos, sem d\u00favida.<\/p>\n<p>&#8230;<\/p>\n<p>Tinha entre nove e dez anos, creio, quando as tirinhas no jornal e depois os gibizinhos (sim, naqueles idos era assim que cham\u00e1vamos os quadrinhos) do Maur\u00edcio come\u00e7aram a aparecer para rivalizar com, digamos, os donos do peda\u00e7o, a barulhenta pataiada ianque de Walt Disney.<\/p>\n<p>\u00c0 \u00e9poca, a garotada tinha mania de cole\u00e7\u00e3o. Selos, carteiras de cigarros, tampinhas de garrafa (pode?), fl\u00e2mulas, figurinhas, entre outras malhas e tralhas.<\/p>\n<p>Ter uma cole\u00e7\u00e3o de gibi, portanto, era obrigat\u00f3rio. Quanto mais diversa fosse, melhor.<\/p>\n<p>Havia as tais barganhas entre n\u00f3s. Todos querendo ter um acervo bem variado e completo.<\/p>\n<p>&#8230;<\/p>\n<p>Tenho a remota lembran\u00e7a de que a M\u00f4nica n\u00e3o era a protagonista das tramas iniciais de Maur\u00edcio de Sousa. Se bem me recordo, a priori, eram doisbos t\u00edtulos que se revezavam em edi\u00e7\u00f5es quinzenais. Uma semana,<em> Chico Bento<\/em>. Na outra, as aventuras do<em> Bidu, <\/em>o cachorrinho<em>.<\/em><\/p>\n<p>A M\u00f4nica fazia, aqui e ali, uma breve apari\u00e7\u00e3o nessas historietas.<\/p>\n<p>Desconfio que, por conta da repercuss\u00e3o do p\u00fablico e da forte e cativante personalidade, a menina acabou tomando para si a lideran\u00e7a da turma e, como pr\u00eamio, ganhou um gibizinho pra chamar de seu.<\/p>\n<p>Desde cedo, era uma empoderada.<\/p>\n<p>Quem \u00e9 \u00e9&#8230;<\/p>\n<p>&#8230;<\/p>\n<p>Minha cole\u00e7\u00e3o, reconhe\u00e7o, n\u00e3o era das mais invejadas entre os moleques da rua Muniz de Souza.<\/p>\n<p>(Naqueles idos, explico, as diversas turmas se reconheciam pela rua onde a meninada morava.)<\/p>\n<p>Reunia l\u00e1 algumas dezenas de t\u00edtulos.<\/p>\n<p>Meus favoritos eram os quadrinhos dos her\u00f3is do faroeste americano &#8211;<em> Roy Rogers<\/em>, <em>Zorro<\/em> (aquele do amigo \u00edndio Tonto),\u00a0\u00a0<em>Cavaleiro Negro<\/em> (que faria muito sucesso hoje em dia, em termos de estilo, pois usava uma m\u00e1scara a lhe cobrir o rosto bem parecida com as nossas), entre outros.<\/p>\n<p>Havia duas exce\u00e7\u00f5es, important\u00edssimas: as publica\u00e7\u00f5es do <em>Fantasma<\/em>\u00a0e do <em>Tarzan<\/em>, ambas com narrativas inseridas nas misteriosas e distantes florestas africanas.<\/p>\n<p>Eram as chamadas edi\u00e7\u00f5es infanto-juvenis.<\/p>\n<p>Old times.<\/p>\n<p>&#8230;<\/p>\n<p><em>M\u00f4nica, Z\u00e9 Carioca, Mickey, Pato Donald, Luluzinha, o Almanaque do Tio Patinhas, Pimentinha<\/em>, a brasileir\u00edssima <em>A Turma do Perer\u00ea<\/em> (do Ziraldo) &#8211; essas revistas cabiam na categoria de &#8216;publica\u00e7\u00f5es infantis&#8217;, o que para um rapazote de 10 anos era l\u00e1 bem complicado.<\/p>\n<p>T\u00ednhamos l\u00e1 nossos \u00e1libis para port\u00e1-las.<\/p>\n<p>&#8220;Meu pai que trouxe&#8221;.<\/p>\n<p>&#8220;Meu tio me deu&#8221;.<\/p>\n<p>&#8220;\u00c9 pro meu irm\u00e3ozinho&#8221;.<\/p>\n<p>Tamb\u00e9m aleg\u00e1vamos que seriam boas moedas de troca.<\/p>\n<p>&#8230;<\/p>\n<p>Na verdade, todos adoravamos &#8211; e l\u00edamos e rel\u00edamos.<\/p>\n<p>Eu gostava muito da Turma da M\u00f4nica. Me divertia com suas incontrol\u00e1veis explos\u00f5es. Achava inclusive ela bem parecida com a minha vizinha, a Ana Maria, filha da Dona L\u00facia. S\u00f3 n\u00e3o dizia isso a ela para n\u00e3o correr o risco de levar uma &#8220;coelhada&#8221; na fu\u00e7a.<\/p>\n<p>&#8230;<\/p>\n<p><iframe loading=\"lazy\" src=\"https:\/\/www.youtube.com\/embed\/_7_NPc4vqd4\" width=\"560\" height=\"315\" frameborder=\"0\" allowfullscreen=\"allowfullscreen\"><\/iframe><\/p>\n<p>&#8230;<\/p>\n<p>&nbsp;<\/p>\n","protected":false},"excerpt":{"rendered":"<p><em>Foto: TV Brasil\/Acervo<\/em><\/p>\n<p>&#8230;<\/p>\n<p>Maur\u00edcio de Sousa completou 85 anos ontem (dia 27). Todo sorridente, cheio de planos para a sua incr\u00edvel Turma da M\u00f4nica.<\/p>\n","protected":false},"author":1,"featured_media":24502,"comment_status":"open","ping_status":"open","sticky":false,"template":"","format":"standard","meta":{"_exactmetrics_skip_tracking":false,"_uf_show_specific_survey":0,"_uf_disable_surveys":false,"footnotes":""},"categories":[5],"tags":[1693,1694,1691,283,1692,1638,1695],"class_list":["post-24501","post","type-post","status-publish","format-standard","has-post-thumbnail","hentry","category-blog","tag-85-anos","tag-gibis","tag-mauricio-de-sousa","tag-memorias","tag-monica","tag-quadrinhos","tag-turma-da-monica"],"_links":{"self":[{"href":"http:\/\/rodolfomartino.com.br\/blog\/wp-json\/wp\/v2\/posts\/24501","targetHints":{"allow":["GET"]}}],"collection":[{"href":"http:\/\/rodolfomartino.com.br\/blog\/wp-json\/wp\/v2\/posts"}],"about":[{"href":"http:\/\/rodolfomartino.com.br\/blog\/wp-json\/wp\/v2\/types\/post"}],"author":[{"embeddable":true,"href":"http:\/\/rodolfomartino.com.br\/blog\/wp-json\/wp\/v2\/users\/1"}],"replies":[{"embeddable":true,"href":"http:\/\/rodolfomartino.com.br\/blog\/wp-json\/wp\/v2\/comments?post=24501"}],"version-history":[{"count":4,"href":"http:\/\/rodolfomartino.com.br\/blog\/wp-json\/wp\/v2\/posts\/24501\/revisions"}],"predecessor-version":[{"id":24506,"href":"http:\/\/rodolfomartino.com.br\/blog\/wp-json\/wp\/v2\/posts\/24501\/revisions\/24506"}],"wp:featuredmedia":[{"embeddable":true,"href":"http:\/\/rodolfomartino.com.br\/blog\/wp-json\/wp\/v2\/media\/24502"}],"wp:attachment":[{"href":"http:\/\/rodolfomartino.com.br\/blog\/wp-json\/wp\/v2\/media?parent=24501"}],"wp:term":[{"taxonomy":"category","embeddable":true,"href":"http:\/\/rodolfomartino.com.br\/blog\/wp-json\/wp\/v2\/categories?post=24501"},{"taxonomy":"post_tag","embeddable":true,"href":"http:\/\/rodolfomartino.com.br\/blog\/wp-json\/wp\/v2\/tags?post=24501"}],"curies":[{"name":"wp","href":"https:\/\/api.w.org\/{rel}","templated":true}]}}