{"id":24507,"date":"2020-10-29T06:15:35","date_gmt":"2020-10-29T06:15:35","guid":{"rendered":"http:\/\/rodolfomartino.com.br\/blog\/?p=24507"},"modified":"2020-10-28T20:15:12","modified_gmt":"2020-10-28T20:15:12","slug":"vela-aberta","status":"publish","type":"post","link":"http:\/\/rodolfomartino.com.br\/blog\/vela-aberta\/","title":{"rendered":"Vela Aberta"},"content":{"rendered":"<p><em>Foto: Arquivo Pessoal<\/em><\/p>\n<p>&#8230;<\/p>\n<p>Porque a vida, por vezes, precisa de uma pausa.<\/p>\n<p>Aproveito para o post musical de hoje a oportuna sugest\u00e3o do amigo Wilson.<\/p>\n<p>O cantor e compositor Walter Franco (1945\/2019) interpreta a linda <em>Vela Aberta,\u00a0<\/em>can\u00e7\u00e3o-acalanto que fez a partir de poema escrito pelo pai, Cid Franco, escritor, radialista e deputado estadual.<\/p>\n<p>Mais uma da s\u00e9rie <em><strong>Se o Mundo N\u00e3o Deu Certo, N\u00e3o Foi Por Falta de Trilha Sonora<\/strong><\/em>:<\/p>\n<p>&nbsp;<\/p>\n<p><iframe loading=\"lazy\" src=\"https:\/\/www.youtube.com\/embed\/Cc6hQr9IWFk\" width=\"560\" height=\"315\" frameborder=\"0\" allowfullscreen=\"allowfullscreen\"><\/iframe><\/p>\n<p>&#8230;<\/p>\n<p>Grande Walter Franco! Um dos expoentes da chamada \u2018Gera\u00e7\u00e3o de Briga\u2019 que enfrentou todas as barras do arb\u00edtrio e da ditadura dos anos 70 para dar vida e voz \u00e0s nossas manifesta\u00e7\u00f5es e sentimentos.<\/p>\n<p>Leia <a href=\"http:\/\/www.rodolfomartino.com.br\/blog\/walter-franco\/\"><strong>AQUI<\/strong><\/a><\/p>\n<p>&#8230;<\/p>\n<p>&nbsp;<\/p>\n<p>&nbsp;<\/p>\n","protected":false},"excerpt":{"rendered":"<p><em>Foto: Arquivo Pessoal<\/em><\/p>\n<p>&#8230;<\/p>\n<p>Porque a vida, por vezes, precisa de uma pausa.<\/p>\n<p>Aproveito para o post musical de hoje a oportuna sugest\u00e3o do amigo Wilson.<\/p>\n","protected":false},"author":1,"featured_media":24509,"comment_status":"open","ping_status":"open","sticky":false,"template":"","format":"standard","meta":{"_exactmetrics_skip_tracking":false,"_uf_show_specific_survey":0,"_uf_disable_surveys":false,"footnotes":""},"categories":[5],"tags":[97,504,1696,795],"class_list":["post-24507","post","type-post","status-publish","format-standard","has-post-thumbnail","hentry","category-blog","tag-mpb","tag-trilha-sonora","tag-vela-aberta","tag-walter-franco"],"_links":{"self":[{"href":"http:\/\/rodolfomartino.com.br\/blog\/wp-json\/wp\/v2\/posts\/24507","targetHints":{"allow":["GET"]}}],"collection":[{"href":"http:\/\/rodolfomartino.com.br\/blog\/wp-json\/wp\/v2\/posts"}],"about":[{"href":"http:\/\/rodolfomartino.com.br\/blog\/wp-json\/wp\/v2\/types\/post"}],"author":[{"embeddable":true,"href":"http:\/\/rodolfomartino.com.br\/blog\/wp-json\/wp\/v2\/users\/1"}],"replies":[{"embeddable":true,"href":"http:\/\/rodolfomartino.com.br\/blog\/wp-json\/wp\/v2\/comments?post=24507"}],"version-history":[{"count":2,"href":"http:\/\/rodolfomartino.com.br\/blog\/wp-json\/wp\/v2\/posts\/24507\/revisions"}],"predecessor-version":[{"id":24510,"href":"http:\/\/rodolfomartino.com.br\/blog\/wp-json\/wp\/v2\/posts\/24507\/revisions\/24510"}],"wp:featuredmedia":[{"embeddable":true,"href":"http:\/\/rodolfomartino.com.br\/blog\/wp-json\/wp\/v2\/media\/24509"}],"wp:attachment":[{"href":"http:\/\/rodolfomartino.com.br\/blog\/wp-json\/wp\/v2\/media?parent=24507"}],"wp:term":[{"taxonomy":"category","embeddable":true,"href":"http:\/\/rodolfomartino.com.br\/blog\/wp-json\/wp\/v2\/categories?post=24507"},{"taxonomy":"post_tag","embeddable":true,"href":"http:\/\/rodolfomartino.com.br\/blog\/wp-json\/wp\/v2\/tags?post=24507"}],"curies":[{"name":"wp","href":"https:\/\/api.w.org\/{rel}","templated":true}]}}