{"id":24571,"date":"2020-11-11T06:15:36","date_gmt":"2020-11-11T06:15:36","guid":{"rendered":"http:\/\/rodolfomartino.com.br\/blog\/?p=24571"},"modified":"2020-11-10T19:46:05","modified_gmt":"2020-11-10T19:46:05","slug":"a-vacina-as-eleicoes-e-o-natal","status":"publish","type":"post","link":"http:\/\/rodolfomartino.com.br\/blog\/a-vacina-as-eleicoes-e-o-natal\/","title":{"rendered":"A vacina, as elei\u00e7\u00f5es e o Natal"},"content":{"rendered":"<p>Foto: Patr\u00edcia Cruz<\/p>\n<p>&#8230;<\/p>\n<p>Recebo a <em>news-letters<\/em> do prestigioso jornal:<\/p>\n<p>&#8220;A Anvisa anunciou na noite desta segunda-feira a suspens\u00e3o dos estudos cl\u00ednicos da Coronavac, vacina produzida pela chinesa Sinovac em parceria com o Instituto Butantan, do Governo de S\u00e3o Paulo. A medida teria sido tomada ap\u00f3s o registro de um \u201cevento adverso grave\u201d, que segundo apura\u00e7\u00f5es do EL PA\u00cdS n\u00e3o est\u00e1 relacionado \u00e0 utiliza\u00e7\u00e3o da vacina. Carla Jim\u00e9nez e Gil Alessi explicam que o fato de a ag\u00eancia n\u00e3o ter avisado o Butantan, como seria de praxe, levanta especula\u00e7\u00f5es sobre a natureza da decis\u00e3o. A vacina tem sido objeto de disputas pol\u00edticas entre o Governo paulista e o Pal\u00e1cio do Planalto.&#8221;<\/p>\n<p>Horas depois, confiro no portal:<\/p>\n<p>&#8220;A morte que causou a suspens\u00e3o das pesquisas da vacina CoronaVac foi o suic\u00eddio de um volunt\u00e1rio de 33 anos ocorrido em 29 de outubro, segundo apurou o UOL. O caso foi usado pela Anvisa (Ag\u00eancia Nacional de Vigil\u00e2ncia Sanit\u00e1ria) para interromper as pesquisas da vacina que eram lideradas pelo Instituto Butantan&#8221;.<\/p>\n<p>Consta que, entre uma not\u00edcia e outra, o presidente pespegou a seguinte p\u00e9rola nas redes sociais.<\/p>\n<p>&#8220;&#8221;Morte, invalidez, anomalia. Esta \u00e9 a vacina que o D\u00f3ria quer obrigar todos os paulistanos a tom\u00e1-la. Mais uma vez Jair Bolsonaro ganha.&#8221;<\/p>\n<p>Lamento e deploro.<\/p>\n<p>Degradante.<\/p>\n<p>At\u00e9 quando viveremos sob o tac\u00e3o da mesquinhez e do oportunismo eleitoral.<\/p>\n<p>&#8230;<\/p>\n<p>Olai\u00e1.<\/p>\n<p>Nada de novo abaixo da Linha do Equador.<\/p>\n<p>\u00c9 bem verdade que tamb\u00e9m ao norte a coisa toda anda distante da sensatez e do ju\u00edzo.<\/p>\n<p>Vejam essa que li no G1:<\/p>\n<p>&#8220;L\u00edder republicano do Senado n\u00e3o reconhece Biden como presidente eleito.&#8221;<\/p>\n<p>Birra de maus perdedores.<\/p>\n<p>&#8230;<\/p>\n<p>Resumo da \u00f3pera:<\/p>\n<p>Tanto l\u00e1 como c\u00e1, quem \u00e9 \u00e9&#8230;<\/p>\n<p>Quem n\u00e3o \u00e9 n\u00e3o se conforma.<\/p>\n<p>Dane-se o resto.<\/p>\n<p>Que, diga-se, somos n\u00f3s, a sociedade.<\/p>\n<p>&#8230;<\/p>\n<p>Voltemos ao nosso rinc\u00e3o que, um dia, se autoproclamou &#8220;O Pa\u00eds do Futuro&#8221;.<\/p>\n<p>Hoje convive com o retrocesso e as trevas do negacionismo.<\/p>\n<p>Neste domingo teremos elei\u00e7\u00f5es municipais.<\/p>\n<p>Confesso que n\u00e3o me lembro de tamanho desencanto diante das escolhas que farei na urna.<\/p>\n<p>Dizem que o pleito \u00e9 uma mostra do que pode acontecer em 22 na elei\u00e7\u00e3o presidencial.<\/p>\n<p>O Amigo da On\u00e7a me informa, todo cheio das inten\u00e7\u00f5es, que Moro, D\u00f3ria e o apresentador Luciano Huck est\u00e3o articulando uma frente para derrubar o atual ocupante da cadeira presidencial.<\/p>\n<p>Pergunto, ent\u00e3o, que o Amigo me esclare\u00e7a algo que ando um tanto desmemoriado ultimamente.<\/p>\n<p>Quem esses not\u00e1veis senhores apoiaram na campanha de 2018?<\/p>\n<p>&#8230;<\/p>\n<p>Pois \u00e9&#8230;<\/p>\n<p>Respondeu pra voc\u00ea? N\u00e3o. Nem pra mim.<\/p>\n<p>Mas, entendi a estrat\u00e9gia.<\/p>\n<p>Moro, D\u00f3ria, Huck e outros do mesmo espectro de interesses criaram o problema.<\/p>\n<p>E que problema!<\/p>\n<p>Agora querem posar como solu\u00e7\u00e3o!<\/p>\n<p>&#8230;<\/p>\n<p>De qualquer forma, vamos \u00e0s urnas, amigos.<\/p>\n<p>Que o voto consciente \u00e9 a \u00fanica arma capaz de solidificar uma democracia que alcance e dignifique todo o povo brasileiro.<\/p>\n<p>Al\u00e9m do que, e para encerrar, ontem sa\u00ed \u00e0 varanda para conferir se havia estrelas no c\u00e9u.<\/p>\n<p>\u00c9 assim nessa quarentena, criamos h\u00e1bitos nunca antes imaginados.<\/p>\n<p>A noite estava escura, nebulosa. Opaca.<\/p>\n<p>Brilho mesmo s\u00f3 h\u00e1 uns 600, 700 metros do pr\u00e9dio onde moro no 19\u00b0 andar.<\/p>\n<p>S\u00e3o as luzes da fachada ornamentada de um shopping onde ia todo o fim de tarde para tomar um caf\u00e9,<\/p>\n<p>At\u00e9 esqueci que o tal existe e, pelo que vejo agora, ainda resiste e almeja.<\/p>\n<p>&#8230;<\/p>\n<p>Pois \u00e9, amigos, a\u00ed vem o Natal de um ano que certamente gostar\u00edamos fosse bem diferente.<\/p>\n<p>Mas, \u00e9 o que temos &#8211; e podemos.<\/p>\n<p>Natal, tempo de esperan\u00e7as renovadas.<\/p>\n<p>Tempo de f\u00e9&#8230;<\/p>\n<p>Que a vida continua &#8211; e ainda bem que assim \u00e9.<\/p>\n<p>(Firmeza nos prop\u00f3sitos, acreditem, podemos melhorar.)<\/p>\n<p>&#8230;<\/p>\n<p><iframe loading=\"lazy\" src=\"https:\/\/www.youtube.com\/embed\/aOO2PPSy0ng\" width=\"560\" height=\"315\" frameborder=\"0\" allowfullscreen=\"allowfullscreen\"><\/iframe><\/p>\n<p>&#8230;<\/p>\n<p>&nbsp;<\/p>\n<p>&nbsp;<\/p>\n","protected":false},"excerpt":{"rendered":"<p>Foto: Patr\u00edcia Cruz<\/p>\n<p>&#8230;<\/p>\n<p>Recebo a <em>news-letters<\/em> do prestigioso jornal:<\/p>\n<p>&#8220;A Anvisa anunciou na noite desta segunda-feira a suspens\u00e3o dos estudos cl\u00ednicos da Coronavac,<\/p>\n","protected":false},"author":1,"featured_media":24572,"comment_status":"open","ping_status":"open","sticky":false,"template":"","format":"standard","meta":{"_exactmetrics_skip_tracking":false,"_uf_show_specific_survey":0,"_uf_disable_surveys":false,"footnotes":""},"categories":[5],"tags":[1729,246,1728,1727,173,1702,945,1725,1726,46,309,1421],"class_list":["post-24571","post","type-post","status-publish","format-standard","has-post-thumbnail","hentry","category-blog","tag-anvisa","tag-bolsonaro","tag-coronavac","tag-doria","tag-el-pais","tag-eleicoes","tag-g1","tag-huck","tag-moro","tag-natal","tag-uol","tag-vacina"],"_links":{"self":[{"href":"http:\/\/rodolfomartino.com.br\/blog\/wp-json\/wp\/v2\/posts\/24571","targetHints":{"allow":["GET"]}}],"collection":[{"href":"http:\/\/rodolfomartino.com.br\/blog\/wp-json\/wp\/v2\/posts"}],"about":[{"href":"http:\/\/rodolfomartino.com.br\/blog\/wp-json\/wp\/v2\/types\/post"}],"author":[{"embeddable":true,"href":"http:\/\/rodolfomartino.com.br\/blog\/wp-json\/wp\/v2\/users\/1"}],"replies":[{"embeddable":true,"href":"http:\/\/rodolfomartino.com.br\/blog\/wp-json\/wp\/v2\/comments?post=24571"}],"version-history":[{"count":5,"href":"http:\/\/rodolfomartino.com.br\/blog\/wp-json\/wp\/v2\/posts\/24571\/revisions"}],"predecessor-version":[{"id":24577,"href":"http:\/\/rodolfomartino.com.br\/blog\/wp-json\/wp\/v2\/posts\/24571\/revisions\/24577"}],"wp:featuredmedia":[{"embeddable":true,"href":"http:\/\/rodolfomartino.com.br\/blog\/wp-json\/wp\/v2\/media\/24572"}],"wp:attachment":[{"href":"http:\/\/rodolfomartino.com.br\/blog\/wp-json\/wp\/v2\/media?parent=24571"}],"wp:term":[{"taxonomy":"category","embeddable":true,"href":"http:\/\/rodolfomartino.com.br\/blog\/wp-json\/wp\/v2\/categories?post=24571"},{"taxonomy":"post_tag","embeddable":true,"href":"http:\/\/rodolfomartino.com.br\/blog\/wp-json\/wp\/v2\/tags?post=24571"}],"curies":[{"name":"wp","href":"https:\/\/api.w.org\/{rel}","templated":true}]}}