{"id":24592,"date":"2020-11-14T06:15:58","date_gmt":"2020-11-14T06:15:58","guid":{"rendered":"http:\/\/rodolfomartino.com.br\/blog\/?p=24592"},"modified":"2020-11-14T19:07:34","modified_gmt":"2020-11-14T19:07:34","slug":"pitacos-sobre-as-eleicoes-de-domingo","status":"publish","type":"post","link":"http:\/\/rodolfomartino.com.br\/blog\/pitacos-sobre-as-eleicoes-de-domingo\/","title":{"rendered":"De olho no voto"},"content":{"rendered":"<p><em>Foto: Filipe Ara\u00fajo<\/em><\/p>\n<p>&#8230;<\/p>\n<p>Permitam-me revisitar agora meus tempos de rep\u00f3rter.<\/p>\n<p>Tempos em que, a essa altura da jornada, estava atolado at\u00e9 o pesco\u00e7o na cobertura das elei\u00e7\u00f5es municipais paulistanas. Muita movimenta\u00e7\u00e3o e adrenalina com o prazo de fechamento da edi\u00e7\u00e3o, a expectativa dos candidatos e o que ent\u00e3o cham\u00e1vamos de &#8220;a marcha da apura\u00e7\u00e3o&#8221;.<\/p>\n<p>N\u00e3o era o vapt-vupt que hoje propiciam as urnas eletr\u00f4nicas.<\/p>\n<p>A contagem arrastava-se voto a voto, mas andava bem.<\/p>\n<p>&#8230;<\/p>\n<p>Tento recapitular, assim de mem\u00f3ria, os vencedores desde ent\u00e3o:<\/p>\n<p>1985 &#8211; J\u00e2nio Quadros (PTB)<\/p>\n<p>1988 &#8211; Luiza Erundina (PT)<\/p>\n<p>1992 &#8211; Paulo Maluf (PDS)<\/p>\n<p>1996 &#8211; Celso Pitta (PPB)<\/p>\n<p>2000 &#8211; Marta Suplicy (PT)<\/p>\n<p>2004- Jos\u00e9 Serra\/ Kassab (PSDB\/PFL)<\/p>\n<p>2008 &#8211; Gilberto Kassab (DEM)<\/p>\n<p>2012 &#8211; Fernando Haddad (PT)<\/p>\n<p>2016 &#8211; D\u00f3ria\/Bruno Covas (PSDB)<\/p>\n<p>Esqueci algu\u00e9m?<\/p>\n<p>Desconfio que n\u00e3o.<\/p>\n<p>(Qualquer d\u00favida, por favor, confiram no Google!)<\/p>\n<p>&#8230;<\/p>\n<p><strong><em>Pitadinhas hist\u00f3ricas e coment\u00e1rios<\/em><\/strong><\/p>\n<p>J\u00e2nio, Erundina e Celso Pitta foram azar\u00f5es nos pleitos em que venceram.<\/p>\n<p>Amealharam uma legi\u00e3o de eleitores num arrast\u00e3o nas \u00faltimas semanas.<\/p>\n<p>Surpresa geral.<\/p>\n<p>Cientistas pol\u00edticos &#8211; e mesmo institutos de pesquisas &#8211; tentaram em v\u00e3o explicar o fen\u00f4meno.\u00a0 Sem sucesso, no entanto.<\/p>\n<p>Registre-se que J\u00e2nio Quadros, um pol\u00edtico da velha-guarda, mesmo com o ran\u00e7o do retrocesso, derrotou a ent\u00e3o estrela emergente e luzidia das oposi\u00e7\u00f5es, o ent\u00e3o senador Fernando Henrique Cardoso.<\/p>\n<p>A derrota p\u00f4s a nocaute a chamada ala progressista do MDB que, a partir de ent\u00e3o, perdeu bons espa\u00e7os nos minist\u00e9rios do Governo Sarney.<\/p>\n<p>Ficou claro a\u00ed que a tal democracia &#8211; resgatada do limbo ditatorial seis meses antes &#8211; n\u00e3o seria a tal estrada em linha reta por aqui. N\u00e3o teria vida f\u00e1cil.<\/p>\n<p>&#8230;<\/p>\n<p>Tr\u00eas anos depois, creditou-se a vit\u00f3ria de Erundina ao voto de protesto pela tibieza da gest\u00e3o anterior e do\u00a0 governo federal \u00e0s voltas com a incontrol\u00e1vel espiral inflacion\u00e1ria.<\/p>\n<p>O PT era um partido rec\u00e9m-criado e foi, creio, a primeira conquista de express\u00e3o no \u00e2mbito regional com repercuss\u00e3o em todo o pa\u00eds.<\/p>\n<p>As elei\u00e7\u00f5es se resolviam em um s\u00f3 turno.<\/p>\n<p>Lembro que mesmo quem fazia as pesquisas de boca-de-urna se espantava com a maci\u00e7a &#8211; e at\u00e9 ent\u00e3o impens\u00e1vel &#8211; vota\u00e7\u00e3o da candidata.<\/p>\n<p>&#8230;<\/p>\n<p>A hist\u00f3ria de Celso Pitta candidato \u00e9 bem emblem\u00e1tica em termos de pol\u00edtica tupiniquim.<\/p>\n<p>Dois grandes caciques do malufismo, Calim Eid e Salim Curiati, pleiteavam a indica\u00e7\u00e3o do nome que deveria se candidatar para suceder o pr\u00f3prio Maluf nas elei\u00e7\u00f5es de 96. Para tanto, trabalhavam fortemente nos bastidores para respaldar a indica\u00e7\u00e3o. E, desta forma, capitanear o malufismo no Estado enquanto o pol\u00edtico-mor, o Dr. Paulo, concentraria esfor\u00e7os na realiza\u00e7\u00e3o da eterna aspira\u00e7\u00e3o presidencial.<\/p>\n<p>Rumo ao Pal\u00e1cio do Planalto, e de Fura-Fila..<\/p>\n<p>Maluf preferia n\u00e3o arranjar desafetos especialmente naquele momento. Seria desastroso, para os planos pessoais, ter o partido, digamos assim, partido, dividido.<\/p>\n<p>Consta que aconselhado pelo empres\u00e1rio Edevaldo Alves da Silva, outra lideran\u00e7a do grupo, trata de buscar uma terceira via, independente \u00e0s duas alas.<\/p>\n<p>Assim surge o nome do funcion\u00e1rio de carreira das empresas da fam\u00edlia Maluf, o economista Celso Pitta.<\/p>\n<p>Poucos acreditavam no bom desempenho de Pitta em sua estreia nas urnas.<\/p>\n<p>Eis que uma anima\u00e7\u00e3o de um bondinho expresso, a quem chamaram espertamente de Fura-Fila, cai no gosto popular ao ser mostrado exaustivamente em pleno hor\u00e1rio eleitoral. Seria a solu\u00e7\u00e3o para o grave problema dos transportes p\u00fablicos na Capital.<\/p>\n<p>As pesquisas viraram da noite para o dia.<\/p>\n<p>Pitta levou.<\/p>\n<p>Foi a consagra\u00e7\u00e3o do marketing pol\u00edtico como instrumento de convencimento das massas.<\/p>\n<p>Mas, custou caro ao Dr. Paulo e partid\u00e1rios.<\/p>\n<p>Foi a \u00faltima manifesta\u00e7\u00e3o vitoriosa do malufismo em S\u00e3o Paulo e no Brasil<\/p>\n<p>&#8230;<\/p>\n<p>Chama a aten\u00e7\u00e3o nos cinco pleitos seguintes o fato de que dois deles foram usados como trampolim para o Pal\u00e1cio do Governo &#8211; e, mais objetivamente, com olhos firmes, \u00e0 futura disputa presidencial.<\/p>\n<p>Jos\u00e9 Serra e Jo\u00e3o D\u00f3ria ficaram dois anos apenas na cadeira de alcaide.<\/p>\n<p>O sucessor de Serra, Kassab, \u00e1gil articulador pol\u00edtico, conseguiu inclusive se reeleger em 2008.<\/p>\n<p>\u00c9 o que Bruno Covas, o interino de D\u00f3ria, tenta fazer agora.<\/p>\n<p>Se me permitem o pitaco deste humilde observador, o mo\u00e7o j\u00e1 est\u00e1 no segundo turno.<\/p>\n<p>A inc\u00f3gnita \u00e9 a disputa de quem ser\u00e1 o segundo.<\/p>\n<p>&#8230;<\/p>\n<p>Se as urnas confirmarem o que as pesquisas eleitorais indicam at\u00e9 aqui, surge o nome do candidato do PSOL, o ativista Guilherme Boulos, o que tamb\u00e9m n\u00e3o deixa de surpreender.<\/p>\n<p>Ser\u00e1 a primeira vez que, no espectro das esquerdas, um partido se sobrep\u00f5e nas urnas \u00e0 supremacia do PT em S\u00e3o Paulo desde a redemocratiza\u00e7\u00e3o do pa\u00eds.<\/p>\n<p>Repare na rela\u00e7\u00e3o acima que, em nove elei\u00e7\u00f5es, o Partido dos Trabalhadores venceu tr\u00eas. Erundina (que, por sinal, \u00e9 vice de Boulos), Marta e Haddad (registre-se que ambos n\u00e3o conseguiram a reelei\u00e7\u00e3o).<\/p>\n<p>Ou seja, temos um fato novo. Merece aten\u00e7\u00e3o.<\/p>\n<p>&#8230;<\/p>\n<p><em><strong>Breve an\u00e1lise<\/strong><\/em><\/p>\n<p>Ouvi de um entrevistado, certa feita, que o eleitorado paulistano \u00e9 tido como conservador. Por vezes, impulsivo.<\/p>\n<p>Sujeito a chuvas e trovoadas, retruquei.<\/p>\n<p>Meu interlocutor, jornalista pol\u00edtico e soci\u00f3logo, sorriu &#8211; e confirmou.<\/p>\n<p>Explicou que, se olharmos o mapeamento eleitoral das campanhas anteriores, \u00e9 poss\u00edvel concluir que temos, grosso modo, 1\/3 dos votantes para cada lado. Com varia\u00e7\u00f5es m\u00ednimas. Um pouco pra l\u00e1, um pouco pra c\u00e1, distribuem-se entre conservadores e progressistas.<\/p>\n<p>Cabe exatamente ao ter\u00e7o restante, entre indecisos, desconfiados e indiferentes, decidir quem ganha e quem perde no jogo das urnas e da democracia.<\/p>\n<p>Penso que este quadro n\u00e3o mudou.<\/p>\n<p>Da\u00ed, a expectativa&#8230;<\/p>\n<p>&#8230;<\/p>\n<p>S\u00f3 mais um pitaquinho.<\/p>\n<p>Seja qual for o resultado das elei\u00e7\u00f5es de domingo \u00e9 s\u00f3 o resultado das elei\u00e7\u00f5es de domingo.<\/p>\n<p>N\u00e3o ter\u00e1 peso decisivo na corrida presidencial de 22.<\/p>\n<p>Tem muita \u00e1gua pra rolar at\u00e9 l\u00e1.<\/p>\n<p>\u00c1guas revoltas, e amea\u00e7adoras.<\/p>\n<p>Em todo caso, vamos \u00e0s urnas, pessoal!<\/p>\n<p>&#8230;<\/p>\n<p><iframe loading=\"lazy\" src=\"https:\/\/www.youtube.com\/embed\/P6C5bZOr3xQ\" width=\"560\" height=\"315\" frameborder=\"0\" allowfullscreen=\"allowfullscreen\"><\/iframe><\/p>\n<p>&#8230;<\/p>\n<p>* Volto na segunda ou na ter\u00e7a.<\/p>\n<p>&#8230;<\/p>\n<p>&nbsp;<\/p>\n<p>&nbsp;<\/p>\n<p>&nbsp;<\/p>\n<p>&nbsp;<\/p>\n<p>&nbsp;<\/p>\n","protected":false},"excerpt":{"rendered":"<p><em>Foto: Filipe Ara\u00fajo<\/em><\/p>\n<p>&#8230;<\/p>\n<p>Permitam-me revisitar agora meus tempos de rep\u00f3rter.<\/p>\n<p>Tempos em que, a essa altura da jornada, estava atolado at\u00e9 o pesco\u00e7o na cobertura das elei\u00e7\u00f5es municipais paulistanas.<\/p>\n","protected":false},"author":1,"featured_media":24594,"comment_status":"open","ping_status":"open","sticky":false,"template":"","format":"standard","meta":{"_exactmetrics_skip_tracking":false,"_uf_show_specific_survey":0,"_uf_disable_surveys":false,"footnotes":""},"categories":[5],"tags":[1738,1702,1739,1742,1740,1737,1741],"class_list":["post-24592","post","type-post","status-publish","format-standard","has-post-thumbnail","hentry","category-blog","tag-bruno-covas","tag-eleicoes","tag-guilherme-boulos","tag-pitacos","tag-prefeitos","tag-prefeitura-de-sao-paulo","tag-sp"],"_links":{"self":[{"href":"http:\/\/rodolfomartino.com.br\/blog\/wp-json\/wp\/v2\/posts\/24592","targetHints":{"allow":["GET"]}}],"collection":[{"href":"http:\/\/rodolfomartino.com.br\/blog\/wp-json\/wp\/v2\/posts"}],"about":[{"href":"http:\/\/rodolfomartino.com.br\/blog\/wp-json\/wp\/v2\/types\/post"}],"author":[{"embeddable":true,"href":"http:\/\/rodolfomartino.com.br\/blog\/wp-json\/wp\/v2\/users\/1"}],"replies":[{"embeddable":true,"href":"http:\/\/rodolfomartino.com.br\/blog\/wp-json\/wp\/v2\/comments?post=24592"}],"version-history":[{"count":9,"href":"http:\/\/rodolfomartino.com.br\/blog\/wp-json\/wp\/v2\/posts\/24592\/revisions"}],"predecessor-version":[{"id":24604,"href":"http:\/\/rodolfomartino.com.br\/blog\/wp-json\/wp\/v2\/posts\/24592\/revisions\/24604"}],"wp:featuredmedia":[{"embeddable":true,"href":"http:\/\/rodolfomartino.com.br\/blog\/wp-json\/wp\/v2\/media\/24594"}],"wp:attachment":[{"href":"http:\/\/rodolfomartino.com.br\/blog\/wp-json\/wp\/v2\/media?parent=24592"}],"wp:term":[{"taxonomy":"category","embeddable":true,"href":"http:\/\/rodolfomartino.com.br\/blog\/wp-json\/wp\/v2\/categories?post=24592"},{"taxonomy":"post_tag","embeddable":true,"href":"http:\/\/rodolfomartino.com.br\/blog\/wp-json\/wp\/v2\/tags?post=24592"}],"curies":[{"name":"wp","href":"https:\/\/api.w.org\/{rel}","templated":true}]}}