{"id":24615,"date":"2020-11-17T17:47:20","date_gmt":"2020-11-17T17:47:20","guid":{"rendered":"http:\/\/rodolfomartino.com.br\/blog\/?p=24615"},"modified":"2020-11-19T18:31:17","modified_gmt":"2020-11-19T18:31:17","slug":"a-cor-da-vida-1","status":"publish","type":"post","link":"http:\/\/rodolfomartino.com.br\/blog\/a-cor-da-vida-1\/","title":{"rendered":"A Cor da Vida (1)"},"content":{"rendered":"<p><em>Foto: Arquivo Pessoal<\/em><\/p>\n<p>&#8230;<\/p>\n<p><strong>1 &#8211; A QUARENTENA<\/strong><\/p>\n<p>Que Deus nos guarde e guie!<\/p>\n<p>Am\u00e9m!<\/p>\n<p>Nunca havia ouvido falar na tal palavra.<\/p>\n<p>P_a_n_d_e_m_i_a.<\/p>\n<p>Agora os adultos dizem que o mundo todo s\u00f3 fala nisso.<\/p>\n<p>N\u00e3o \u00e9 l\u00e1 algo muito bom pela cara assustada que fazem.<\/p>\n<p>Falam em destrui\u00e7\u00e3o em massa. Horror. Ai, meu Deus! Que nos guarde e guie!<\/p>\n<p>Mas eu aqui, no meu cantinho, confesso, fiquei at\u00e9 um pouquinho feliz.<\/p>\n<p>\u00c9 feio isso, n\u00e9?<\/p>\n<p>Tanta tristeza, e eu feliz. S\u00f3 um pouquinho, mas feliz.<\/p>\n<p>N\u00e3o me levem a mal, n\u00e3o.<\/p>\n<p>*<br \/>\nSou um garoto do bem, ainda agora antes de vir para c\u00e1, eu fiz a primeira comunh\u00e3o na igreja Nossa Senhora da Gl\u00f3ria. Estudo em col\u00e9gio marista e rezo todos os dias. Quer dizer, dia sim, dia n\u00e3o. \u00c0s vezes, nem rezo.<\/p>\n<p>Mas, eu me entendo com os meus santos de devo\u00e7\u00e3o: S\u00e3o Jorge, aquele soldado que mata o drag\u00e3o. E Santa B\u00e1rbara, a rainha dos raios.<\/p>\n<p>Nada me cobram quando vou rezar e a vela continua acesa l\u00e1 na igreja perto de casa.<\/p>\n<p>Nunca apareceu nenhum drag\u00e3o, menos ainda se ouviu qualquer trov\u00e3o que vem logo depois do raio.<\/p>\n<p>Ent\u00e3o, acho que me entenderam e me atenderam.<\/p>\n<p>*<\/p>\n<p>Acho\u2026<\/p>\n<p>Eu sempre estou achando isso e aquilo e aquil\u2019outro.<\/p>\n<p>A m\u00e3e n\u00e3o gosta. Quer dizer, acho que n\u00e3o.<\/p>\n<p>Faz umas caretas, iguais \u00e0s minhas quando tenho que comer chuchu.<\/p>\n<p>M\u00e3e \u00e9 m\u00e3e, n\u00e9? A gente tem de respeitar.<\/p>\n<p>Me perdi um pouco.<\/p>\n<p>Do que mesmo eu estava falando mesmo?<\/p>\n<p>Ah, sim. Fiquei um pouquinho contente. S\u00f3 um pouquinho.<\/p>\n<p>Explico.<\/p>\n<p>Soube que as aulas foram suspensas \u2013 e a gente poder\u00e1 ficar um bocadinho mais de f\u00e9rias aqui, em um pequenino hotel, uma pousada \u201cp\u00e9 na areia\u201d, como dizem aqui em Arraial d\u2019Ajuda, um lugar paradis\u00edaco no sul da Bahia, nordeste brasileiro.<\/p>\n<p>As aulas de geografia ajudam a gente a se localizar no mundo.<\/p>\n<p>O professor que disse \u2013 e eu agora acredito.<\/p>\n<p>Me perdi de novo.<\/p>\n<p>Do que eu estava falando mesmo?<\/p>\n<p>Ah, Arraial d\u2019 Ajuda.<\/p>\n<p>Estou gostando demais da conta, s\u00f4!<\/p>\n<p>Fiz alguns amigos novos \u2013 entre eles, um amig\u00e3o: um homem j\u00e1 de cabelos e barbas acinzentados que, dizem, \u00e9 escritor e veio para c\u00e1 \u201catr\u00e1s de bons personagens para um livro de contos que est\u00e1 escrevendo\u201d.<\/p>\n<p>*<\/p>\n<p>Foi o que ouvi do pessoal da pousada.<\/p>\n<p>Com a garotada, ele \u00e9 pura farra. Brincalh\u00e3o que s\u00f3.<\/p>\n<p>Acho o Enzo (Enzo Leone, esse \u00e9 o nome dele) muito legal porque fica a contar hist\u00f3rias e mais hist\u00f3rias que nem sei como ele lembra de tudo.<\/p>\n<p>Diz que tem um ba\u00fa de espanto. S\u00f3 de contos, cr\u00f4nicas e outros escritos. Dele e de outros que, como ele, vivem da arte e do of\u00edcio de enfileirar uma letrinha depois da outra, depois da outra, depois da outra\u2026<\/p>\n<p>Bacana!<\/p>\n<p>*<\/p>\n<p>Engra\u00e7ado a rea\u00e7\u00e3o dos adultos quando ele come\u00e7a a falar.<\/p>\n<p>Ficam com uma express\u00e3o estranha, desenxabida. Como se tivessem visto um daqueles monstros dos desenhos japoneses. Olhos arregalados, boca aberta, queixo ca\u00eddo. Uns balan\u00e7am a cabe\u00e7a de um lado para o outro, como se n\u00e3o concordassem com nada do que ouvem. N\u00e3o entendo. Cada qual, cada qual.<\/p>\n<p>Ele disse que eu sou engra\u00e7ado, uma \u201cfigura\u201d. Um pequeno grande personagem.<\/p>\n<p>Perguntei: Por qu\u00ea?<\/p>\n<p>Ele riu que riu \u2013 e respondeu: Porque voc\u00ea \u00e9 argentino, mora em Belo Horizonte e torce para o Cruzeiro.<\/p>\n<p>Errou, falei.<\/p>\n<p>Tor\u00e7o para o River Plate e (s\u00f3 um pouquinho) para o Flamengo.<\/p>\n<p>Os dois times t\u00eam as mesmas cores. Vermelho e preto.<\/p>\n<p>Deu outra risada.<\/p>\n<p>Garantiu que vou virar protagonista de um conto que ainda escrever\u00e1.<\/p>\n<p>Protago\u2026 o qu\u00ea?<\/p>\n<p>Como assim?, perguntei.<\/p>\n<p>N\u00e3o sei se minha m\u00e3e vai deixar. Ela \u00e9 cheia de falar \u201cisso pode\u201d e \u201cisso n\u00e3o pode\u201d.<\/p>\n<p>Ele piscou um dos olhos \u2013 e falou: Deixa comigo.<\/p>\n<p>Legal, deixei. Se n\u00e3o for coisa amarga ou com gosto de chuchu, tudo bem. At\u00e9 aceito.<\/p>\n<p>*<\/p>\n<p>Assim que aumentaram as not\u00edcias da tal pandemia, a pousada virou uma bagun\u00e7a s\u00f3.<\/p>\n<p>Todos de olho no notici\u00e1rio da TV do sal\u00e3o que vem logo ap\u00f3s a recep\u00e7\u00e3o.<\/p>\n<p>Pelo pouco que entendi (sem querer entender), as pessoas come\u00e7aram morrendo na China, depois na It\u00e1lia, depois em outros pa\u00edses vizinhos da It\u00e1lia, nos Estados Unidos (at\u00e9 os jogos de basquete da NBA pararam) e veio vindo\u2026 At\u00e9 chegar ao Brasil, a S\u00e3o Paulo (que eu n\u00e3o conhe\u00e7o, mas dizem que \u00e9 uma cidade onde mora muita gente e tem uns pr\u00e9dios altos e milh\u00f5es de carros pelas ruas entupidas por longos congestionamentos e envoltas em fuma\u00e7a e neblina que, para mim, s\u00e3o quase a mesma coisa).<\/p>\n<p>Agora a amea\u00e7a pode vir \u00e0 nossa dire\u00e7\u00e3o.<\/p>\n<p>Dif\u00edcil entender o que se passa na cabe\u00e7a dos adultos.<\/p>\n<p>J\u00e1 havia percebido isso. Parecem sempre apressados, atr\u00e1s de algo que nunca sabem bem o que \u00e9, mas acham important\u00edssimo. T\u00eam data e hora para ser felizes, beber, comer, dan\u00e7ar e, dizem, at\u00e9 namorar.<\/p>\n<p>Agora ent\u00e3o est\u00e3o atarantados.<\/p>\n<p>E eu n\u00e3o sei exatamente o que fazer.<\/p>\n<p>Quando estou assim, sabe o que fa\u00e7o?<\/p>\n<p>Nada.<\/p>\n<p>S\u00f3 espio para ver o que vai acontecer.<\/p>\n<p>*<\/p>\n<p>O que tiver que ser ser\u00e1.<\/p>\n<p>O Enzo, acho, pensa como eu.<\/p>\n<p>Foi assim que ele falou quando soube da not\u00edcia. Tem um compromisso com o editor l\u00e1 dele.<\/p>\n<p>Continuar\u00e1 a escrever do jeito que sempre fez.<\/p>\n<p>Por isso, continuar\u00e1 por aqui, na pousada.<\/p>\n<p>\u00c9 o melhor que todos poderiam fazer, disse tamb\u00e9m.<\/p>\n<p>Teriam que redobrar os cuidados.<\/p>\n<p>E se informar melhor sobre o assunto, a doen\u00e7a e a tal pandemia que foi decretada ainda hoje por uns senhores que cuidam da sa\u00fade do mundo. O chef\u00e3o l\u00e1 deles falou de um pa\u00eds distante e todos vimos e ouvimos pela TV.<\/p>\n<p>Para o bem de todos e bl\u00e1bl\u00e1bl\u00e1.<\/p>\n<p>Acho que me perdi na fala\u00e7\u00e3o do Enzo e do senhor da TV.<\/p>\n<p>*<\/p>\n<p>Ali\u00e1s, no dia seguinte, quando soubemos que a situa\u00e7\u00e3o come\u00e7aria a se agravar no Brasil \u2013 e todos se reuniram, outra vez, no tal sal\u00e3o \u2013, foi do Enzo a ideia de que fech\u00e1ssemos a pousada. Tipo quem est\u00e1 fora n\u00e3o entra, quem est\u00e1 dentro n\u00e3o sai. Para ningu\u00e9m se contaminar com o novo v\u00edrus.<\/p>\n<p>As pessoas ficaram caladas. Uma olhando para a outra, a outra olhando para uma.<\/p>\n<p>Assim estamos a salvo, ele disse.<\/p>\n<p>Faremos juntos a quarentena, o que acham, sugeriu.<\/p>\n<p>*<\/p>\n<p>N\u00e3o sei exatamente o que \u00e9 quarentena, mas aceitei de pronto.<\/p>\n<p>Claro que n\u00e3o disse nada. Fiquei na minha. At\u00e9 porque crian\u00e7a n\u00e3o opina nessas coisas.<br \/>\nAt\u00e9 que o meu padrasto, o Radam\u00e9s, falou que precisaria voltar para Belo Horizonte, tem neg\u00f3cios por l\u00e1. Mas, achava uma boa ideia a de que minha m\u00e3e, eu e a minha irm\u00e3 Clarinha fic\u00e1ssemos por aqui.<\/p>\n<p>A Clarinha \u00e9 muito pequena e n\u00e3o entende nada. Para ela, tanto faz. Aqui, ali ou acol\u00e1.<\/p>\n<p>Da\u00ed para frente foi um falat\u00f3rio s\u00f3.<\/p>\n<p>Sim, n\u00e3o, sim, n\u00e3o, sim, n\u00e3o, s\u00e3o, nim\u2026<\/p>\n<p>Que tumulto!<\/p>\n<p>Como nada entendi, sa\u00ed de fininho e fui ver o luar refletir-se nas \u00e1guas do mar.<\/p>\n<p>Aprendi com o Enzo a ver a lua e o mar.<\/p>\n<p>Ele disse que o sil\u00eancio faz bem para a alma da gente.<\/p>\n<p>Disse tamb\u00e9m:<\/p>\n<p>&#8211; Ademais, a vida \u00e0s vezes precisa de uma pausa e um tiquinho de poesia para ganhar cor e sentido. A vida \u00e9 um espantar-se.<\/p>\n<p>N\u00e3o entendi bem, mas sei que eu tenho um amigo, o Torquato, l\u00e1 no col\u00e9gio e o apelido dele \u00e9 Tiquinho, mas ele nunca me disse que era poeta.<\/p>\n<p>&#8230;<\/p>\n<p><em>Continua amanh\u00e3&#8230;<\/em><\/p>\n<p>&#8230;<\/p>\n<p><iframe loading=\"lazy\" src=\"https:\/\/www.youtube.com\/embed\/smR6ad6yea8\" width=\"560\" height=\"315\" frameborder=\"0\" allowfullscreen=\"allowfullscreen\"><\/iframe><\/p>\n<p>&#8230;<\/p>\n","protected":false},"excerpt":{"rendered":"<p><em>Foto: Arquivo Pessoal<\/em><\/p>\n<p>&#8230;<\/p>\n<p><strong>1 &#8211; A QUARENTENA<\/strong><\/p>\n<p>Que Deus nos guarde e guie!<\/p>\n<p>Am\u00e9m!<\/p>\n<p>Nunca havia ouvido falar na tal palavra.<\/p>\n","protected":false},"author":1,"featured_media":24617,"comment_status":"open","ping_status":"open","sticky":false,"template":"","format":"standard","meta":{"_exactmetrics_skip_tracking":false,"_uf_show_specific_survey":0,"_uf_disable_surveys":false,"footnotes":""},"categories":[5],"tags":[1746,1749,1751,1163,1748,1747,1118,1162],"class_list":["post-24615","post","type-post","status-publish","format-standard","has-post-thumbnail","hentry","category-blog","tag-a-cor-da-vida","tag-arraial-dajuda","tag-capitulo-1","tag-isolamento-social","tag-mingo","tag-o-conto","tag-pandemia","tag-quarentena"],"_links":{"self":[{"href":"http:\/\/rodolfomartino.com.br\/blog\/wp-json\/wp\/v2\/posts\/24615","targetHints":{"allow":["GET"]}}],"collection":[{"href":"http:\/\/rodolfomartino.com.br\/blog\/wp-json\/wp\/v2\/posts"}],"about":[{"href":"http:\/\/rodolfomartino.com.br\/blog\/wp-json\/wp\/v2\/types\/post"}],"author":[{"embeddable":true,"href":"http:\/\/rodolfomartino.com.br\/blog\/wp-json\/wp\/v2\/users\/1"}],"replies":[{"embeddable":true,"href":"http:\/\/rodolfomartino.com.br\/blog\/wp-json\/wp\/v2\/comments?post=24615"}],"version-history":[{"count":7,"href":"http:\/\/rodolfomartino.com.br\/blog\/wp-json\/wp\/v2\/posts\/24615\/revisions"}],"predecessor-version":[{"id":24651,"href":"http:\/\/rodolfomartino.com.br\/blog\/wp-json\/wp\/v2\/posts\/24615\/revisions\/24651"}],"wp:featuredmedia":[{"embeddable":true,"href":"http:\/\/rodolfomartino.com.br\/blog\/wp-json\/wp\/v2\/media\/24617"}],"wp:attachment":[{"href":"http:\/\/rodolfomartino.com.br\/blog\/wp-json\/wp\/v2\/media?parent=24615"}],"wp:term":[{"taxonomy":"category","embeddable":true,"href":"http:\/\/rodolfomartino.com.br\/blog\/wp-json\/wp\/v2\/categories?post=24615"},{"taxonomy":"post_tag","embeddable":true,"href":"http:\/\/rodolfomartino.com.br\/blog\/wp-json\/wp\/v2\/tags?post=24615"}],"curies":[{"name":"wp","href":"https:\/\/api.w.org\/{rel}","templated":true}]}}