{"id":24660,"date":"2020-11-22T12:00:31","date_gmt":"2020-11-22T12:00:31","guid":{"rendered":"http:\/\/rodolfomartino.com.br\/blog\/?p=24660"},"modified":"2020-11-23T13:11:40","modified_gmt":"2020-11-23T13:11:40","slug":"a-cor-da-vida-8","status":"publish","type":"post","link":"http:\/\/rodolfomartino.com.br\/blog\/a-cor-da-vida-8\/","title":{"rendered":"A Cor da Vida (8)"},"content":{"rendered":"<p><em>Foto: Arquivo Pessoal<\/em><\/p>\n<p>&#8230;<\/p>\n<p><strong>8 &#8211; AINDA O VESTIDO AZUL<\/strong><\/p>\n<p>Gosto de conversar com o Enzo porque ele sempre me entende.<\/p>\n<p>Dizem que \u00e9 t\u00edpico de escritor, n\u00e9?<\/p>\n<p>Como ele disse, qualquer vida vale uma boa hist\u00f3ria. Nenhuma hist\u00f3ria, por melhor que seja, \u00e9 t\u00e3o plena e vale uma vida, qualquer que seja a vida.<\/p>\n<p>N\u00e3o entendi, para variar.<\/p>\n<p>Mas, achei bonito. Acho que ele estava me dando uma for\u00e7a.<\/p>\n<p>Veja bem, disse:<\/p>\n<p>&#8211; N\u00e3o sou f\u00e3 de time nenhum. Futebol mexe com uns sentimentos muitos primitivos dentro de mim. Para escrever, preciso estar sereno, em paz. Ali\u00e1s, a serenidade e a paz s\u00e3o elementos fundamentais aos justos e aos que primam pela sensatez. Al\u00e9m do que n\u00e3o vejo gra\u00e7a nenhuma naquele monte de peludos correndo atr\u00e1s de uma bola. Mas pense comigo, Mingo: o que o arco-\u00edris tem a ver com o futebol? Nada. Ali, naquela maravilha da natureza, cabem todas as cores e todas as nuances de tons e sobretons. Se a Denise, sua m\u00e3e, escolheu o Radam\u00e9s por isso, porque ele lhe inspira o arco-iris, a paz e a serenidade, ela fez muito bem. Assim pode usar em paz o vestido azul que a deixa mais bonita do que j\u00e1 \u00e9 sem que o marido ou quem quer que seja fique triste ou perca a serenidade.\u00a0 Al\u00e9m do que, azul \u00e9 a cor do c\u00e9u, do mar e do olhar da paulista que se foi, lembra?<\/p>\n<p>&#8211; Mulheres, mulheres\u2026 &#8211; concluiu tristinho, tristinho.<\/p>\n<p>*<\/p>\n<p>Enzo, quando come\u00e7a a falar, n\u00e3o para.<\/p>\n<p>E tem mais, acrescentou:<\/p>\n<p>&#8211; Voc\u00ea j\u00e1 n\u00e3o ouviu dizer que homem troca de mulher, mas n\u00e3o troca de time? Ent\u00e3o, foi o que aconteceu com seu pai. Desconfio tamb\u00e9m que mulher, quando gosta de um vestido, troca de marido, mas n\u00e3o deixa de usar um belo vestido justo. N\u00e3o tente entender os adultos, somos confusos e tolos por natureza. Mas, nos queira bem que \u00e9 o que importa.<\/p>\n<p>&#8211; Do que voc\u00eas est\u00e3o falando?<\/p>\n<p>Era o outro h\u00f3spede que acabava de chegar.<\/p>\n<p>Enzo olhou para mim com jeito de quem faria uma molecagem \u2013 e respondeu:<\/p>\n<p>&#8211; De mulher e de futebol. Da vida real e da que imaginamos.\u00a0 Que assunto interessa mais a dois homens distintos como eu e o Mingo?<\/p>\n<p>&#8211; Ufa! Pensei que estivessem falando dos n\u00fameros de mortos de ontem para hoje provocadas pelo coronav\u00edrus. Um horror, uma trag\u00e9dia. Voc\u00ea sabia que\u2026<\/p>\n<p>O homem nem terminou a frase, Enzo cortou logo:<\/p>\n<p>&#8211; N\u00e3o sei,e nem eu, menos ainda o Mingo, estamos a fim de saber. Estamos em meio a altas reflex\u00f5es. Se \u00e9 que voc\u00ea me entende?<\/p>\n<p>*<\/p>\n<p>N\u00e3o sei se o outro h\u00f3spede entendeu. Sei que foi saindo de mansinho.<\/p>\n<p>Enzo foi andar na praia.<\/p>\n<p>Senti um certo inc\u00f4modo entre os dois.<\/p>\n<p>N\u00e3o sei se tinha a ver com a mo\u00e7oila, aquela que se foi.<\/p>\n<p>Ou algu\u00e9m falou coisa que n\u00e3o devia.<\/p>\n<p>Sei que o santo dos dois n\u00e3o bagteu.<\/p>\n<p>O rapaz foi em dire\u00e7\u00e3o \u00e0 cozinha balan\u00e7ando a cabe\u00e7a negativamente.<\/p>\n<p>Ouvi dizer que estavam atrasadas as provis\u00f5es de alimentos e material de limpeza.<\/p>\n<p>Queriam marcar uma reuni\u00e3o urgente com o Sr. Ambr\u00f3sio, mas o Enzo n\u00e3o deixou o rapaz falar.<\/p>\n<p>Ah, esse Enzo nunca se abala em suas convic\u00e7\u00f5es&#8230;<\/p>\n<p>&#8230;<\/p>\n<p><em>Continua amanh\u00e3&#8230;<\/em><\/p>\n<p>&#8230;<\/p>\n<p><iframe loading=\"lazy\" src=\"https:\/\/www.youtube.com\/embed\/iXrqys6fQtg\" width=\"560\" height=\"315\" frameborder=\"0\" allowfullscreen=\"allowfullscreen\"><\/iframe><\/p>\n<p>&#8230;<\/p>\n","protected":false},"excerpt":{"rendered":"<p><em>Foto: Arquivo Pessoal<\/em><\/p>\n<p>&#8230;<\/p>\n<p><strong>8 &#8211; AINDA O VESTIDO AZUL<\/strong><\/p>\n<p>Gosto de conversar com o Enzo porque ele sempre me entende.<\/p>\n","protected":false},"author":1,"featured_media":24673,"comment_status":"open","ping_status":"open","sticky":false,"template":"","format":"standard","meta":{"_exactmetrics_skip_tracking":false,"_uf_show_specific_survey":0,"_uf_disable_surveys":false,"footnotes":""},"categories":[5],"tags":[1746,1749,75,1163,1748,1747,1118,653,1162],"class_list":["post-24660","post","type-post","status-publish","format-standard","has-post-thumbnail","hentry","category-blog","tag-a-cor-da-vida","tag-arraial-dajuda","tag-futebol","tag-isolamento-social","tag-mingo","tag-o-conto","tag-pandemia","tag-praia","tag-quarentena"],"_links":{"self":[{"href":"http:\/\/rodolfomartino.com.br\/blog\/wp-json\/wp\/v2\/posts\/24660","targetHints":{"allow":["GET"]}}],"collection":[{"href":"http:\/\/rodolfomartino.com.br\/blog\/wp-json\/wp\/v2\/posts"}],"about":[{"href":"http:\/\/rodolfomartino.com.br\/blog\/wp-json\/wp\/v2\/types\/post"}],"author":[{"embeddable":true,"href":"http:\/\/rodolfomartino.com.br\/blog\/wp-json\/wp\/v2\/users\/1"}],"replies":[{"embeddable":true,"href":"http:\/\/rodolfomartino.com.br\/blog\/wp-json\/wp\/v2\/comments?post=24660"}],"version-history":[{"count":5,"href":"http:\/\/rodolfomartino.com.br\/blog\/wp-json\/wp\/v2\/posts\/24660\/revisions"}],"predecessor-version":[{"id":24711,"href":"http:\/\/rodolfomartino.com.br\/blog\/wp-json\/wp\/v2\/posts\/24660\/revisions\/24711"}],"wp:featuredmedia":[{"embeddable":true,"href":"http:\/\/rodolfomartino.com.br\/blog\/wp-json\/wp\/v2\/media\/24673"}],"wp:attachment":[{"href":"http:\/\/rodolfomartino.com.br\/blog\/wp-json\/wp\/v2\/media?parent=24660"}],"wp:term":[{"taxonomy":"category","embeddable":true,"href":"http:\/\/rodolfomartino.com.br\/blog\/wp-json\/wp\/v2\/categories?post=24660"},{"taxonomy":"post_tag","embeddable":true,"href":"http:\/\/rodolfomartino.com.br\/blog\/wp-json\/wp\/v2\/tags?post=24660"}],"curies":[{"name":"wp","href":"https:\/\/api.w.org\/{rel}","templated":true}]}}