{"id":24662,"date":"2020-11-23T12:00:21","date_gmt":"2020-11-23T12:00:21","guid":{"rendered":"http:\/\/rodolfomartino.com.br\/blog\/?p=24662"},"modified":"2020-11-23T20:09:40","modified_gmt":"2020-11-23T20:09:40","slug":"a-cor-da-vida-9","status":"publish","type":"post","link":"http:\/\/rodolfomartino.com.br\/blog\/a-cor-da-vida-9\/","title":{"rendered":"A Cor da Vida (9)"},"content":{"rendered":"<p><em>Foto: Leila Kiyomura<\/em><\/p>\n<p>&#8230;<\/p>\n<p><strong>9 &#8211; ANDRESSA<\/strong><\/p>\n<p>Foi s\u00f3 eu ficar sozinho &#8211; e n\u00e3o sei o porqu\u00ea danei em pensar na menina loura chamada Andressa que estuda comigo.<\/p>\n<p>Acho que foi o que disse o Enzo,\u00a0 aquele \u201cmulheres, mulheres\u201d.<\/p>\n<p>N\u00e3o, n\u00e3o vou dizer nada para o Enzo sobre a Andressa.<\/p>\n<p>Ele \u00e9 escritor e j\u00e1 vai pensar em romance de novela. J\u00e1 imaginou a nossa hist\u00f3ria na novela da TV?<\/p>\n<p>Na TV, n\u00e3o. Que ele escreve livro, minha m\u00e3e falou.<\/p>\n<p>Tamb\u00e9m, vamos ser sincero, eu n\u00e3o saberia o que lhe dizer.<\/p>\n<p>Acho mesmo que ele n\u00e3o teria o que escrever.<\/p>\n<p>Mas, \u00e9 assim.<\/p>\n<p>(Tudo isso foi antes da pandemia, t\u00e1, gente?)<\/p>\n<p>*<\/p>\n<p>A primeira vez que eu a vi foi na van que leva a gente para escola, logo no primeiro dia de aula.<\/p>\n<p>Ela sentou ao meu lado, e eu gostei.<\/p>\n<p>Normalmente gosto que meus amigos Raul ou o Rodrigo fiquem por perto. Assim a gente conversa sobre futebol. No Brasil, j\u00e1 disse, sou f\u00e3 do Flamengo que \u00e9 vermelho tamb\u00e9m, e eles sempre foram flamenguistas, \u2018desde os tempos do Zico\u2019, como diz o Raul que \u00e9 exagerado.<\/p>\n<p>Foi o Radam\u00e9s que me falou que, quando o Zico era camisa 10 do Flamengo, os pais do Raul nem namorar namoravam.<\/p>\n<p>Radam\u00e9s \u00e9 cruzeirense por causa do Sor\u00edn, e eu n\u00e3o me atrevo a perguntar qual o time que ele torce na Argentina para n\u00e3o aloprar de vez.<\/p>\n<p>Radam\u00e9s \u00e9 surfista, j\u00e1 disse. Mas \u00e9 meio invocado. N\u00e3o gosta de mentira.<\/p>\n<p>Ficou na bronca com o Raul:<\/p>\n<p>&#8211; Esse menino deve ter ouvido o pai dele falar do time campe\u00e3o do mundo do Flamengo em 1981, mas ele n\u00e3o viu o Zico jogar, n\u00e3o.<\/p>\n<p>*<\/p>\n<p>Est\u00e1 bem, respondi educadamente. Assunto encerrado.<\/p>\n<p>N\u00e3o entendo nada de adultos. N\u00e3o entendia antes da pandemia. Desconfio que vou entender menos ainda depois que ela passar.<\/p>\n<p>\u00c9 o que todo mundo diz:<\/p>\n<p>&#8220;Vai passar.&#8221;<\/p>\n<p>O Sr. Ambr\u00f3sio, mesmo atarantado com as contas da pousada, faz uma piadinha que todos riem &#8211; e eu, n\u00e3o; porque n\u00e3o entendo.<\/p>\n<p>\u00c9 assim:<\/p>\n<p>&#8220;Assim como o bonde e a uva passa, a pandemia tamb\u00e9m vai passar.&#8221;<\/p>\n<p>Sem gra\u00e7a, n\u00e3o?<\/p>\n<p>De qualquer forma, acho bom que passe mesmo \u2013 pois, j\u00e1 est\u00e1 cansando ficar aqui. Perdi a no\u00e7\u00e3o dos dias. Nunca sei se \u00e9 domingo ou segunda ou ter\u00e7a-feira ou\u2026<\/p>\n<p>Al\u00e9m do que, n\u00e3o tem mais jogos de futebol na TV. Todos cancelados.<\/p>\n<p>*<\/p>\n<p>Bem, melhor voltar a falar da Andressa.<\/p>\n<p>Ela sentou perto de mim, no trajeto rumo \u00e0 escola, e a impress\u00e3o que eu tive \u00e9 que a van come\u00e7ou a voar, lenta e suavemente, como uma borboleta amarela.<\/p>\n<p>N\u00e3o era a mesma impress\u00e3o que o motorista tinha. Ele reclamava que era um absurdo um tr\u00e2nsito daqueles em Belo Horizonte, onde moro, mas eu nem percebi nada.<\/p>\n<p>Sentia-me feliz.<\/p>\n<p>Sempre achei aquela van escolar feia com uma cor estranha, mais para o ab\u00f3bora, o laranja, sei l\u00e1. Mas, agora, parecia que eu estava dentro de uma nave espacial dourada. Sentia-me content\u00e3o e queria mais que o trajeto demorasse mesmo.<\/p>\n<p>Quando chegamos \u00e0 escola, outra surpresa. A professora disse que ganhar\u00edamos uma coleguinha que viera do Rio de Janeiro para morar em Belo Horizonte.<\/p>\n<p>&#8211; Entre Andressa, seja bem-vinda!<\/p>\n<p>*<br \/>\nFoi assim que eu soube o nome dela que veio sentar-se na carteira em frente \u00e0 minha. Penso que \u00e9 isso que as pessoas chamam de felicidade. Senti que alguma coisa dentro de mim dava pulinhos apressados.<\/p>\n<p>Acho que era o meu cora\u00e7\u00e3o.<\/p>\n<p>Desde ent\u00e3o, \u00e9 sempre a mesma coisa quando ela entra no ve\u00edculo escolar, na sala de aula ou mesmo no recreio. Mesmo quando formam as turmas. Meninos, de um lado; meninas, de outro &#8211; eu n\u00e3o a perco de vista. Quase sempre ela tamb\u00e9m est\u00e1 me olhando. Mas, quando olho, ela abaixa os olhos. E eu tamb\u00e9m.<\/p>\n<p>Qualquer dia, quando essa pandemia acabar, eu chegarei bem perto dela. E, quando ningu\u00e9m estiver vendo, vou dizer:<\/p>\n<p>&#8220;Mulheres, mulheres&#8230;&#8221;<\/p>\n<p>Mas, antes, eu preciso saber qual a cor do vestido que ela mais gosta.<\/p>\n<p>&#8230;<\/p>\n<p><em>Continua amanh\u00e3&#8230;<\/em><\/p>\n<p>&#8230;<\/p>\n<p><iframe loading=\"lazy\" src=\"https:\/\/www.youtube.com\/embed\/A1WDI3vmbVI\" width=\"560\" height=\"315\" frameborder=\"0\" allowfullscreen=\"allowfullscreen\"><\/iframe><\/p>\n<p>&#8230;<\/p>\n<p>&nbsp;<\/p>\n","protected":false},"excerpt":{"rendered":"<p><em>Foto: Leila Kiyomura<\/em><\/p>\n<p>&#8230;<\/p>\n<p><strong>9 &#8211; ANDRESSA<\/strong><\/p>\n<p>Foi s\u00f3 eu ficar sozinho &#8211; e n\u00e3o sei o porqu\u00ea danei em pensar na menina loura chamada Andressa que estuda comigo.<\/p>\n","protected":false},"author":1,"featured_media":24677,"comment_status":"open","ping_status":"open","sticky":false,"template":"","format":"standard","meta":{"_exactmetrics_skip_tracking":false,"_uf_show_specific_survey":0,"_uf_disable_surveys":false,"footnotes":""},"categories":[5],"tags":[1746,1749,75,1163,1748,1747,1118,653,1162],"class_list":["post-24662","post","type-post","status-publish","format-standard","has-post-thumbnail","hentry","category-blog","tag-a-cor-da-vida","tag-arraial-dajuda","tag-futebol","tag-isolamento-social","tag-mingo","tag-o-conto","tag-pandemia","tag-praia","tag-quarentena"],"_links":{"self":[{"href":"http:\/\/rodolfomartino.com.br\/blog\/wp-json\/wp\/v2\/posts\/24662","targetHints":{"allow":["GET"]}}],"collection":[{"href":"http:\/\/rodolfomartino.com.br\/blog\/wp-json\/wp\/v2\/posts"}],"about":[{"href":"http:\/\/rodolfomartino.com.br\/blog\/wp-json\/wp\/v2\/types\/post"}],"author":[{"embeddable":true,"href":"http:\/\/rodolfomartino.com.br\/blog\/wp-json\/wp\/v2\/users\/1"}],"replies":[{"embeddable":true,"href":"http:\/\/rodolfomartino.com.br\/blog\/wp-json\/wp\/v2\/comments?post=24662"}],"version-history":[{"count":5,"href":"http:\/\/rodolfomartino.com.br\/blog\/wp-json\/wp\/v2\/posts\/24662\/revisions"}],"predecessor-version":[{"id":24713,"href":"http:\/\/rodolfomartino.com.br\/blog\/wp-json\/wp\/v2\/posts\/24662\/revisions\/24713"}],"wp:featuredmedia":[{"embeddable":true,"href":"http:\/\/rodolfomartino.com.br\/blog\/wp-json\/wp\/v2\/media\/24677"}],"wp:attachment":[{"href":"http:\/\/rodolfomartino.com.br\/blog\/wp-json\/wp\/v2\/media?parent=24662"}],"wp:term":[{"taxonomy":"category","embeddable":true,"href":"http:\/\/rodolfomartino.com.br\/blog\/wp-json\/wp\/v2\/categories?post=24662"},{"taxonomy":"post_tag","embeddable":true,"href":"http:\/\/rodolfomartino.com.br\/blog\/wp-json\/wp\/v2\/tags?post=24662"}],"curies":[{"name":"wp","href":"https:\/\/api.w.org\/{rel}","templated":true}]}}