{"id":24664,"date":"2020-11-24T12:00:59","date_gmt":"2020-11-24T12:00:59","guid":{"rendered":"http:\/\/rodolfomartino.com.br\/blog\/?p=24664"},"modified":"2020-11-23T20:23:31","modified_gmt":"2020-11-23T20:23:31","slug":"a-cor-da-vida-10-e-11","status":"publish","type":"post","link":"http:\/\/rodolfomartino.com.br\/blog\/a-cor-da-vida-10-e-11\/","title":{"rendered":"A Cor da Vida (10 e 11)"},"content":{"rendered":"<p><em>Foto: Leila Kiyomura<\/em><\/p>\n<p>&#8230;<\/p>\n<p><strong>10 &#8211; NA MEDIDA DO POSS\u00ccVEL<\/strong><\/p>\n<p>Hoje cedo, acordei \u2013 e perguntei para minha m\u00e3e se estava tudo bem.<\/p>\n<p>Ela disse que sim.<\/p>\n<p>&#8211; Na medida do poss\u00edvel, filho. Com as b\u00ean\u00e7\u00e3os do nosso Deus Pai.<\/p>\n<p>Sei n\u00e3o&#8230; Senti uma tristeza no rosto dela.<\/p>\n<p>&#8211; Aqui, estamos a salvo, n\u00e9, m\u00e3e?<\/p>\n<p>Ela abriu a janela do chal\u00e9, olhou o sol, o mar, a areia:<\/p>\n<p>&#8211; Claro que sim, Mingo. Mas, temos que pensar nos outros. Naqueles que n\u00e3o s\u00e3o t\u00e3o privilegiados como n\u00f3s somos.<\/p>\n<p>Acho que ela come\u00e7ou a chorar baixinho.<\/p>\n<p>Fiquei quieto.<\/p>\n<p>Fui tomar meu caf\u00e9 no refeit\u00f3rio. Lavei bem as m\u00e3os antes. E disse \u201cpor favor\u201d e \u201cobrigado\u201d para a garota que me serviu.<\/p>\n<p>&#8211; Voc\u00ea est\u00e1 chorando, Mingo?<\/p>\n<p>Ela perguntou.<\/p>\n<p>Mas, eu enfiei o rosto no copo de achocolatado que ela me trouxe. Preferi n\u00e3o responder.<\/p>\n<p>J\u00e1 falam que eu sou chor\u00e3o, que reclamo de tudo.<\/p>\n<p>Ent\u00e3o nem toquei no assunto.<\/p>\n<p>As pessoas andam tristes demais.<\/p>\n<p>Por sorte, fiquei na minha. Olhei para a garota e agradeci de novo.<\/p>\n<p>&#8211; Muito obrigado, mocinha. Agrade\u00e7o&#8230;<\/p>\n<p>Foi nessa hora que o Enzo entrou todo falante.<\/p>\n<p>Piscou para mim. E disse:<\/p>\n<p>&#8211; Bonita morena, n\u00e3o?<\/p>\n<p>Enzo sabe das coisas. Mas, decididamente n\u00e3o conhece a Andressa.<\/p>\n<p>&nbsp;<\/p>\n<p><strong>11 &#8211;\u00a0 A IDADE CERTA<\/strong><\/p>\n<p>&nbsp;<\/p>\n<p>Enzo \u00e9 escritor, mora em S\u00e3o Paulo, num bairro chamado Aclima\u00e7\u00e3o que \u2013 ele me disse \u2013 tem um jardim enorme e um lago. Ele adora olhar o lago, mesmo que as \u00e1guas n\u00e3o sejam l\u00e1 muito limpinhas, como eram no tempo em que ele, Enzo, tinha a minha idade e o apelido de &#8220;Trapatone&#8221; que era um zagueiro italiano que marcava o Pel\u00e9, o Rei do Futebol.<\/p>\n<p>&#8211; N\u00e3o \u00e9 do meu tempo, eu disse.<\/p>\n<p>Ele riu e sacudiu a cabe\u00e7a balan\u00e7ando a cabeleira acinzentada.<\/p>\n<p>Tem dia que os fios de cabelo do Enzo parecem azulados.<\/p>\n<p>A idade certa, n\u00e3o sei.<\/p>\n<p>Nunca sei ver isso.<\/p>\n<p>Radam\u00e9s tem 40 e poucos anos. Ou 39, vai saber?<\/p>\n<p>Enzo deve ter uns 50 anos, sei l\u00e1? Pode ser mais, pode ser menos. Tamb\u00e9m n\u00e3o vou ficar perguntando a idade para as pessoas.<\/p>\n<p>Muda alguma coisa? Acho que n\u00e3o.<\/p>\n<p>Al\u00e9m do que, minha m\u00e3e diz que n\u00e3o \u00e9 de bom tom sair por a\u00ed revelando a idade das pessoas.<\/p>\n<p>(Ela tem 38, mas n\u00e3o espalhem.)<\/p>\n<p>*<\/p>\n<p>Ele n\u00e3o usa roupa de velho, entendem?<\/p>\n<p>Tamb\u00e9m n\u00e3o veste bermud\u00e3o de skatista, n\u00e3o deixa a cueca aparecendo (estranho esse jeito, n\u00e3o? Parece que a cal\u00e7a vai cair a qualquer hora) nem usa bon\u00e9 virado para tr\u00e1s.<\/p>\n<p>&#8211; No estilo, ele diz.<\/p>\n<p>Acho que o Radam\u00e9s anda com ci\u00fames do Enzo, acho.<\/p>\n<p>Num tom de cr\u00edtica, ele falou que o \u201ccoroa\u201d (o Enzo) gasta uma fortuna em roupas de marcas car\u00edssimas. Qu isso n\u00e3o faz sentido.<\/p>\n<p>N\u00e3o entendo dessa hist\u00f3ria de vestir ou n\u00e3o vestir.<\/p>\n<p>Sei que todo o dinheiro que tenho prefiro gastar em sorvetes.<\/p>\n<p>Mas, agora nem isso aparece por aqui. Os vendedores sumiram da praia.<\/p>\n<p>Ali\u00e1s, ir \u00e0 praia agora \u00e9 uma aventura.<\/p>\n<p>A gente s\u00f3 pode ficar no nosso cercadinho.<\/p>\n<p>Sen\u00e3o, a pandemia vem e pega, acho.<\/p>\n<p>N\u00e3o acho o Enzo t\u00e3o velho assim.<\/p>\n<p>Ele \u00e9 brother, cara!<\/p>\n<p>&#8230;<\/p>\n<p><em>Continua amanh\u00e3&#8230;<\/em><\/p>\n<p>&#8230;<\/p>\n<p><iframe loading=\"lazy\" src=\"https:\/\/www.youtube.com\/embed\/FnHgKkx-cb8\" width=\"560\" height=\"315\" frameborder=\"0\" allowfullscreen=\"allowfullscreen\"><\/iframe><\/p>\n<p>&#8230;<\/p>\n","protected":false},"excerpt":{"rendered":"<p><em>Foto: Leila Kiyomura<\/em><\/p>\n<p>&#8230;<\/p>\n<p><strong>10 &#8211; NA MEDIDA DO POSS\u00ccVEL<\/strong><\/p>\n<p>Hoje cedo, acordei \u2013 e perguntei para minha m\u00e3e se estava tudo bem.<\/p>\n","protected":false},"author":1,"featured_media":24681,"comment_status":"open","ping_status":"open","sticky":false,"template":"","format":"standard","meta":{"_exactmetrics_skip_tracking":false,"_uf_show_specific_survey":0,"_uf_disable_surveys":false,"footnotes":""},"categories":[5],"tags":[1746,1749,75,1163,1748,1747,1118,653,1162],"class_list":["post-24664","post","type-post","status-publish","format-standard","has-post-thumbnail","hentry","category-blog","tag-a-cor-da-vida","tag-arraial-dajuda","tag-futebol","tag-isolamento-social","tag-mingo","tag-o-conto","tag-pandemia","tag-praia","tag-quarentena"],"_links":{"self":[{"href":"http:\/\/rodolfomartino.com.br\/blog\/wp-json\/wp\/v2\/posts\/24664","targetHints":{"allow":["GET"]}}],"collection":[{"href":"http:\/\/rodolfomartino.com.br\/blog\/wp-json\/wp\/v2\/posts"}],"about":[{"href":"http:\/\/rodolfomartino.com.br\/blog\/wp-json\/wp\/v2\/types\/post"}],"author":[{"embeddable":true,"href":"http:\/\/rodolfomartino.com.br\/blog\/wp-json\/wp\/v2\/users\/1"}],"replies":[{"embeddable":true,"href":"http:\/\/rodolfomartino.com.br\/blog\/wp-json\/wp\/v2\/comments?post=24664"}],"version-history":[{"count":4,"href":"http:\/\/rodolfomartino.com.br\/blog\/wp-json\/wp\/v2\/posts\/24664\/revisions"}],"predecessor-version":[{"id":24714,"href":"http:\/\/rodolfomartino.com.br\/blog\/wp-json\/wp\/v2\/posts\/24664\/revisions\/24714"}],"wp:featuredmedia":[{"embeddable":true,"href":"http:\/\/rodolfomartino.com.br\/blog\/wp-json\/wp\/v2\/media\/24681"}],"wp:attachment":[{"href":"http:\/\/rodolfomartino.com.br\/blog\/wp-json\/wp\/v2\/media?parent=24664"}],"wp:term":[{"taxonomy":"category","embeddable":true,"href":"http:\/\/rodolfomartino.com.br\/blog\/wp-json\/wp\/v2\/categories?post=24664"},{"taxonomy":"post_tag","embeddable":true,"href":"http:\/\/rodolfomartino.com.br\/blog\/wp-json\/wp\/v2\/tags?post=24664"}],"curies":[{"name":"wp","href":"https:\/\/api.w.org\/{rel}","templated":true}]}}