{"id":24690,"date":"2020-11-27T12:00:26","date_gmt":"2020-11-27T12:00:26","guid":{"rendered":"http:\/\/rodolfomartino.com.br\/blog\/?p=24690"},"modified":"2020-11-26T20:42:14","modified_gmt":"2020-11-26T20:42:14","slug":"a-cor-da-vida-16","status":"publish","type":"post","link":"http:\/\/rodolfomartino.com.br\/blog\/a-cor-da-vida-16\/","title":{"rendered":"A Cor da Vida (16)"},"content":{"rendered":"<p><em>Foto: Arquivo Pessoal<\/em><\/p>\n<p>&#8230;<\/p>\n<p><strong>16 &#8211; A LINHA DO HORIZONTE<\/strong><\/p>\n<p>Noite dessas fui buscar \u00e1gua com g\u00e1s para a minha m\u00e3e na copa, e vi o Enzo e o Sr. Ambr\u00f3sio conversando e tomando vinho.<\/p>\n<p>N\u00e3o falavam de mulher n\u00e3o. Nem de futebol.<\/p>\n<p>Estavam s\u00e9rios.<\/p>\n<p>O assunto era a pandemia \u2013 e a desgraceira que est\u00e1 causando no mundo todo.<\/p>\n<p>Sr. Ambr\u00f3sio quer fechar a pousada.<\/p>\n<p>Quer ficar sozinho, acho.<\/p>\n<p>Disse ao Enzo que ele pode ficar, pois \u00e9 de casa.<\/p>\n<p>Mas, os outros h\u00f3spedes, n\u00e3o sei n\u00e3o.<\/p>\n<p>\u00c9 muita responsabilidade, disse.<\/p>\n<p>Muito gasto tamb\u00e9m, acrescentou.<\/p>\n<p>*<\/p>\n<p>N\u00e3o falei nada para a minha m\u00e3e.<\/p>\n<p>N\u00e3o vejo ela assim murcha, igual bal\u00e3o sem tocha, desde que se separou do meu pai.<\/p>\n<p>Tamb\u00e9m n\u00e3o sei se o Enzo ficar\u00e1 por aqui.<\/p>\n<p>Estou um bocadinho preocupado.<\/p>\n<p>Estranho. N\u00e3o sinto vontade de chorar.<\/p>\n<p>S\u00f3 fico olhando as pessoas&#8230; e pensando:<\/p>\n<p>O que tiver que ser ser\u00e1, acho que foi isso que o Enzo disse logo no come\u00e7o da coisa.<\/p>\n<p>Quantos dias ainda ficaremos por aqui?<\/p>\n<p>Uns quatro ou cinco? No m\u00e1ximo, uma semana&#8230;<\/p>\n<p>Deixa para l\u00e1, voc\u00eas sabem a minha diferen\u00e7a com n\u00fameros.<\/p>\n<p>*<\/p>\n<p>Sei que essas f\u00e9rias foram mais longas, mas, querem saber, passaram de forma r\u00e1pida, e acho que n\u00e3o tenho do que reclamar.<\/p>\n<p>A gente ia para a praia pelas nove, dez horas da manh\u00e3 e l\u00e1 as crian\u00e7as brincavam e os adultos ficavam sentados naquelas cadeirinhas chatas de carregar.<\/p>\n<p>Um dia prendi o dedo numa delas. Nem vou falar o que chorei. Voc\u00eas me conhecem j\u00e1.<\/p>\n<p>Enzo logo se invocava de ficar na paradeira e sa\u00eda para andar sozinho, sempre sozinho.<\/p>\n<p>Em uns dias, pensei em ir tamb\u00e9m, mas era hora boa para brincar com a prancha que tamb\u00e9m ganhei no Natal, e desistia para n\u00e3o perder a pr\u00f3xima onda.<\/p>\n<p>N\u00e3o sei, acho mesmo que ele preferia assim.<\/p>\n<p>Gosta de caminhar sozinho.<\/p>\n<p>*<\/p>\n<p>Depois veio a tal da pandemia&#8230;<\/p>\n<p>As not\u00edcias. As pessoas assustadas. O medo presente em cada olhar, em cada palavra.<\/p>\n<p>Ficamos isolados nesse para\u00edso.<\/p>\n<p>Cada fam\u00edlia almo\u00e7a num hor\u00e1rio. N\u00e3o houve mais\u00a0 confraterniza\u00e7\u00e3o, jogos, essas coisas.<\/p>\n<p>Cada um por si.<\/p>\n<p>Parece que estamos \u00e0 espera de algo. Ruim ou bom, como saber?<\/p>\n<p>Vacina s\u00f3 para o ano que vem \u2013 ouvi o que minha m\u00e3e disse para o Radam\u00e9s:<\/p>\n<p>&#8211; Voc\u00ea se cuida, pelo amor de Deus. Aqui, estamos bem. Saudade. Beijos. Te amo.<\/p>\n<p>Minha m\u00e3e falou tudo isso com voz de choro.<\/p>\n<p>Quase que eu a imito \u2013 e digo:<\/p>\n<p>&#8211; Para com isso, D_e_n_i_s_e!<\/p>\n<p>*<\/p>\n<p>Sabem aquela frase que o Enzo escreveu na areia e n\u00e3o terminou?<\/p>\n<p>Parecia prova de L\u00edngua Portuguesa.<\/p>\n<p>(Mesmo argentino, minhas melhores notas na escola s\u00e3o as das aulas de portugu\u00eas? Pois \u00e9, legal, n\u00e9?).<\/p>\n<p>Complete a frase:<\/p>\n<p>Felicidade, teu nome \u00e9&#8230;<\/p>\n<p>Vai saber?<\/p>\n<p>Na palavra que falta, mora o detalhe, o mist\u00e9rio que hoje todos precisamos descobrir.<\/p>\n<p>A felicidade ao alcance dos olhos, e al\u00e9m. Por enquanto, a gente ainda n\u00e3o consegue ver nada.<\/p>\n<p>S\u00f3 a linha do horizonte. Isso quando h\u00e1 uma linha no horizonte!<\/p>\n<p>Vivemos um tempo nublado.<\/p>\n<p>Ent\u00e3o, todos estamos tristes.<\/p>\n<p>Mas, vai passar, acredito!<\/p>\n<p>Por enquanto, \u00e9 s\u00f3 um espantar-se diferente com a vida.<\/p>\n<p>&#8230;<\/p>\n<p><em>Continua amanh\u00e3&#8230;<\/em><\/p>\n<p>&#8230;<\/p>\n<p><iframe loading=\"lazy\" src=\"https:\/\/www.youtube.com\/embed\/UnYrK1gZtjk\" width=\"560\" height=\"315\" frameborder=\"0\" allowfullscreen=\"allowfullscreen\"><\/iframe><\/p>\n<p>&#8230;<\/p>\n<p>&nbsp;<\/p>\n","protected":false},"excerpt":{"rendered":"<p><em>Foto: Arquivo Pessoal<\/em><\/p>\n<p>&#8230;<\/p>\n<p><strong>16 &#8211; A LINHA DO HORIZONTE<\/strong><\/p>\n<p>Noite dessas fui buscar \u00e1gua com g\u00e1s para a minha m\u00e3e na copa,<\/p>\n","protected":false},"author":1,"featured_media":24700,"comment_status":"open","ping_status":"open","sticky":false,"template":"","format":"standard","meta":{"_exactmetrics_skip_tracking":false,"_uf_show_specific_survey":0,"_uf_disable_surveys":false,"footnotes":""},"categories":[5],"tags":[1746,1749,75,1163,1748,1747,1118,653,1162],"class_list":["post-24690","post","type-post","status-publish","format-standard","has-post-thumbnail","hentry","category-blog","tag-a-cor-da-vida","tag-arraial-dajuda","tag-futebol","tag-isolamento-social","tag-mingo","tag-o-conto","tag-pandemia","tag-praia","tag-quarentena"],"_links":{"self":[{"href":"http:\/\/rodolfomartino.com.br\/blog\/wp-json\/wp\/v2\/posts\/24690","targetHints":{"allow":["GET"]}}],"collection":[{"href":"http:\/\/rodolfomartino.com.br\/blog\/wp-json\/wp\/v2\/posts"}],"about":[{"href":"http:\/\/rodolfomartino.com.br\/blog\/wp-json\/wp\/v2\/types\/post"}],"author":[{"embeddable":true,"href":"http:\/\/rodolfomartino.com.br\/blog\/wp-json\/wp\/v2\/users\/1"}],"replies":[{"embeddable":true,"href":"http:\/\/rodolfomartino.com.br\/blog\/wp-json\/wp\/v2\/comments?post=24690"}],"version-history":[{"count":5,"href":"http:\/\/rodolfomartino.com.br\/blog\/wp-json\/wp\/v2\/posts\/24690\/revisions"}],"predecessor-version":[{"id":24743,"href":"http:\/\/rodolfomartino.com.br\/blog\/wp-json\/wp\/v2\/posts\/24690\/revisions\/24743"}],"wp:featuredmedia":[{"embeddable":true,"href":"http:\/\/rodolfomartino.com.br\/blog\/wp-json\/wp\/v2\/media\/24700"}],"wp:attachment":[{"href":"http:\/\/rodolfomartino.com.br\/blog\/wp-json\/wp\/v2\/media?parent=24690"}],"wp:term":[{"taxonomy":"category","embeddable":true,"href":"http:\/\/rodolfomartino.com.br\/blog\/wp-json\/wp\/v2\/categories?post=24690"},{"taxonomy":"post_tag","embeddable":true,"href":"http:\/\/rodolfomartino.com.br\/blog\/wp-json\/wp\/v2\/tags?post=24690"}],"curies":[{"name":"wp","href":"https:\/\/api.w.org\/{rel}","templated":true}]}}