{"id":24692,"date":"2020-11-28T12:00:06","date_gmt":"2020-11-28T12:00:06","guid":{"rendered":"http:\/\/rodolfomartino.com.br\/blog\/?p=24692"},"modified":"2020-11-27T17:58:42","modified_gmt":"2020-11-27T17:58:42","slug":"a-cor-da-vida-17-e-18","status":"publish","type":"post","link":"http:\/\/rodolfomartino.com.br\/blog\/a-cor-da-vida-17-e-18\/","title":{"rendered":"A Cor da Vida (17 e 18)"},"content":{"rendered":"<p><em>Foto: Arquivo Pessoal<\/em><\/p>\n<p>&#8230;<\/p>\n<p><strong>17 &#8211; QUE FASE!<\/strong><\/p>\n<p>Na manh\u00e3 seguinte, o Sr. Ambr\u00f3sio, guardando o distanciamento devido, reuniu-se com todos naquele mesmo sal\u00e3o logo ap\u00f3s a recep\u00e7\u00e3o.<\/p>\n<p>A fala\u00e7\u00e3o demorou uma hora ou duas&#8230;<\/p>\n<p>(Ah, nunca sei, deixa para l\u00e1.)<\/p>\n<p>N\u00e3o se chegou a conclus\u00e3o nenhuma.<\/p>\n<p>Soube que todos entenderam as raz\u00f5es e as preocupa\u00e7\u00f5es do Sr. Ambr\u00f3sio \u2013 mas, pediram um prazo para se ajeitarem.<\/p>\n<p>Enzo tomou a palavra e prop\u00f4s:<\/p>\n<p>&#8211; Podemos ficar por mais uma semana, vamos acompanhar o notici\u00e1rio e ver como os fatos se ajeitam. Seria como se pass\u00e1ssemos de h\u00f3spedes a inquilinos. Ter\u00edamos que cumprir alguns tarefas como qualquer um faz na casa onde mora. Arrumar o quarto, lavar nossas coisas, por a\u00ed&#8230;<\/p>\n<p>E completou:<\/p>\n<p>&#8211; O que acham?<\/p>\n<p>Queria que eles dissessem que sim. Mas sinceramente n\u00e3o estava t\u00e3o certo do que eu queria.<\/p>\n<p>Na fase atual, eu n\u00e3o acho mais nada. S\u00f3 estou perdendo &#8211; respondeu o Sr. Ambr\u00f3sio:<\/p>\n<p>&#8211; Tem a quest\u00e3o dos funcion\u00e1rios?<\/p>\n<p>&#8220;Vamos pensar&#8221; \u2013 concordaram todos<\/p>\n<p>Dois ou tr\u00eas dias e decidimos, falou o Enzo.<\/p>\n<p>&#8211; Por enquanto, cuidem-se!<\/p>\n<p>&nbsp;<\/p>\n<p><strong>18 &#8211; O SENHOR DESTINO<\/strong><\/p>\n<p>&nbsp;<\/p>\n<p>Desde ent\u00e3o, e guardando o tal de protocolo (que imaginei inicialmente fosse um monstro), todo o fim de tarde havia a tal reuni\u00e3o.<\/p>\n<p>Ent\u00e3o, eu pegava o minigame que ganhei no Dia da Crian\u00e7a e me deitava na rede da varanda enquanto os adultos discutiam sem chegar a um acordo.<\/p>\n<p>Naquela tarde, aconteceu uma coisa legal.<\/p>\n<p>Soltei um berro de felicidade quando bati meu pr\u00f3prio recorde no jogo eletr\u00f4nico.<\/p>\n<p>Percebi que no sal\u00e3o todos se assustaram.<\/p>\n<p>Minha m\u00e3e correu ao meu encontro. Cora\u00e7\u00e3o na boca, como ela disse.<\/p>\n<p>O Enzo, tamb\u00e9m.<\/p>\n<p>Minha m\u00e3e me deu outra bronca daquelas, mas cuidou para n\u00e3o separar as s\u00edlabas:<\/p>\n<p>&#8211; Mingo, Mingo, comporte-se, filho!<\/p>\n<p>Enzo deu uma risada gostosa quando soube do meu feito. Parecia que era dele o novo recorde.<\/p>\n<p>&#8211; A\u00ea, garoto. \u00c9 sinal que mais cedo ou mais tarde todos mudamos de fase. \u00c9 ou n\u00e3o \u00e9?<\/p>\n<p>Se pudesse fazer com a tal pandemia o que fiz no joguinho, todos ser\u00edamos felizes.<\/p>\n<p>Seria bom, n\u00e9?<\/p>\n<p>&#8230;<\/p>\n<p><em>Continua amanh\u00e3&#8230;<\/em><\/p>\n<p>&#8230;<\/p>\n<p><iframe loading=\"lazy\" src=\"https:\/\/www.youtube.com\/embed\/YjTEsHc6BnY\" width=\"560\" height=\"315\" frameborder=\"0\" allowfullscreen=\"allowfullscreen\"><\/iframe><\/p>\n<p>&#8230;<\/p>\n","protected":false},"excerpt":{"rendered":"<p><em>Foto: Arquivo Pessoal<\/em><\/p>\n<p>&#8230;<\/p>\n<p><strong>17 &#8211; QUE FASE!<\/strong><\/p>\n<p>Na manh\u00e3 seguinte, o Sr. Ambr\u00f3sio, guardando o distanciamento devido, reuniu-se com todos naquele mesmo sal\u00e3o logo ap\u00f3s a recep\u00e7\u00e3o.<\/p>\n","protected":false},"author":1,"featured_media":19285,"comment_status":"open","ping_status":"open","sticky":false,"template":"","format":"standard","meta":{"_exactmetrics_skip_tracking":false,"_uf_show_specific_survey":0,"_uf_disable_surveys":false,"footnotes":""},"categories":[5],"tags":[1746,1749,75,1163,1748,1747,1118,653,1162],"class_list":["post-24692","post","type-post","status-publish","format-standard","has-post-thumbnail","hentry","category-blog","tag-a-cor-da-vida","tag-arraial-dajuda","tag-futebol","tag-isolamento-social","tag-mingo","tag-o-conto","tag-pandemia","tag-praia","tag-quarentena"],"_links":{"self":[{"href":"http:\/\/rodolfomartino.com.br\/blog\/wp-json\/wp\/v2\/posts\/24692","targetHints":{"allow":["GET"]}}],"collection":[{"href":"http:\/\/rodolfomartino.com.br\/blog\/wp-json\/wp\/v2\/posts"}],"about":[{"href":"http:\/\/rodolfomartino.com.br\/blog\/wp-json\/wp\/v2\/types\/post"}],"author":[{"embeddable":true,"href":"http:\/\/rodolfomartino.com.br\/blog\/wp-json\/wp\/v2\/users\/1"}],"replies":[{"embeddable":true,"href":"http:\/\/rodolfomartino.com.br\/blog\/wp-json\/wp\/v2\/comments?post=24692"}],"version-history":[{"count":4,"href":"http:\/\/rodolfomartino.com.br\/blog\/wp-json\/wp\/v2\/posts\/24692\/revisions"}],"predecessor-version":[{"id":24745,"href":"http:\/\/rodolfomartino.com.br\/blog\/wp-json\/wp\/v2\/posts\/24692\/revisions\/24745"}],"wp:featuredmedia":[{"embeddable":true,"href":"http:\/\/rodolfomartino.com.br\/blog\/wp-json\/wp\/v2\/media\/19285"}],"wp:attachment":[{"href":"http:\/\/rodolfomartino.com.br\/blog\/wp-json\/wp\/v2\/media?parent=24692"}],"wp:term":[{"taxonomy":"category","embeddable":true,"href":"http:\/\/rodolfomartino.com.br\/blog\/wp-json\/wp\/v2\/categories?post=24692"},{"taxonomy":"post_tag","embeddable":true,"href":"http:\/\/rodolfomartino.com.br\/blog\/wp-json\/wp\/v2\/tags?post=24692"}],"curies":[{"name":"wp","href":"https:\/\/api.w.org\/{rel}","templated":true}]}}